{"id":1502,"date":"2018-10-12T00:00:00","date_gmt":"2018-10-11T22:00:00","guid":{"rendered":"https:\/\/testcollenda.com\/collenda-erweitert-vertriebsteam-mit-senior-einstellung-um-das-wachstum-in-europa-zu-beschleunigen\/"},"modified":"2021-08-05T17:16:42","modified_gmt":"2021-08-05T15:16:42","slug":"collenda-erweitert-vertriebsteam-mit-senior-einstellung-um-das-wachstum-in-europa-zu-beschleunigen","status":"publish","type":"post","link":"https:\/\/collenda.com\/de\/collenda-erweitert-vertriebsteam-mit-senior-einstellung-um-das-wachstum-in-europa-zu-beschleunigen\/","title":{"rendered":"Collenda erweitert Vertriebsteam mit Senior Einstellung, um das Wachstum in Europa zu beschleunigen."},"content":{"rendered":"<div class=\"fusion-fullwidth fullwidth-box fusion-builder-row-1 fusion-flex-container nonhundred-percent-fullwidth non-hundred-percent-height-scrolling\" style=\"--awb-border-radius-top-left:0px;--awb-border-radius-top-right:0px;--awb-border-radius-bottom-right:0px;--awb-border-radius-bottom-left:0px;--awb-flex-wrap:wrap;\" ><div class=\"fusion-builder-row fusion-row fusion-flex-align-items-flex-start fusion-flex-content-wrap\" style=\"max-width:1397.76px;margin-left: calc(-4% \/ 2 );margin-right: calc(-4% \/ 2 );\"><div class=\"fusion-layout-column fusion_builder_column fusion-builder-column-0 fusion_builder_column_1_1 1_1 fusion-flex-column\" style=\"--awb-bg-size:cover;--awb-width-large:100%;--awb-margin-top-large:0px;--awb-spacing-right-large:1.92%;--awb-margin-bottom-large:0px;--awb-spacing-left-large:1.92%;--awb-width-medium:100%;--awb-spacing-right-medium:1.92%;--awb-spacing-left-medium:1.92%;--awb-width-small:100%;--awb-spacing-right-small:1.92%;--awb-spacing-left-small:1.92%;\"><div class=\"fusion-column-wrapper fusion-flex-justify-content-flex-start fusion-content-layout-column\"><div class=\"fusion-text fusion-text-1\"><h1 class=\"h2\">Collenda erweitert Vertriebsteam<\/h1>\n<p>Meerbusch, 1.10.2018<\/p>\n<p>Collenda gab heute bekannt, dass Sabrina Deimel ab sofort von FIS zu Collenda wechselt, um das Banking Sales Team von Collenda zu st\u00e4rken und das weitere Umsatzwachstum in seinem Kernmarkt zu unterst\u00fctzen. Christian Haas, CEO, sagte: &#8222;Ich freue mich, dass Sabrina das Team unterst\u00fctzt, um unser Engagement f\u00fcr Banken und Agenturen in Europa zu st\u00e4rken. Sabrina ist eine Sales Managerin mit nachgewiesener Erfolgsbilanz &#8211; sie wird sich auf unsere Banknology\u00a9-Plattform sowie auf unser k\u00fcrzlich auf dem deutschen Markt eingef\u00fchrtes Produkt CWIZE konzentrieren, das neue Ma\u00dfst\u00e4be an Transparenz f\u00fcr Kreditgeber und Inkassounternehmen setzt, die ihre Rendite verbessern wollen.&#8220;<\/p>\n<p>F\u00fcr weitere Informationen \u00fcber Collenda kontaktieren Sie uns bitte unter info@collenda.com.<\/p>\n<\/div><\/div><\/div><\/div><\/div>\n","protected":false},"excerpt":{"rendered":"","protected":false},"author":7,"featured_media":0,"comment_status":"closed","ping_status":"closed","sticky":false,"template":"","format":"standard","meta":{"footnotes":""},"categories":[4],"tags":[],"class_list":["post-1502","post","type-post","status-publish","format-standard","hentry","category-news"],"yoast_head":"<!-- This site is optimized with the Yoast SEO plugin v27.5 - https:\/\/yoast.com\/product\/yoast-seo-wordpress\/ -->\n<title>Collenda erweitert Vertriebsteam mit Senior Einstellung, um das Wachstum in Europa zu beschleunigen. - Collenda<\/title>\n<meta name=\"robots\" content=\"noindex, follow, max-snippet:-1, max-image-preview:large, max-video-preview:-1\" \/>\n<meta property=\"og:locale\" content=\"de_DE\" \/>\n<meta property=\"og:type\" content=\"article\" \/>\n<meta property=\"og:title\" content=\"Collenda erweitert Vertriebsteam mit Senior Einstellung, um das Wachstum in Europa zu beschleunigen. - Collenda\" \/>\n<meta property=\"og:url\" content=\"https:\/\/collenda.com\/de\/collenda-erweitert-vertriebsteam-mit-senior-einstellung-um-das-wachstum-in-europa-zu-beschleunigen\/\" \/>\n<meta property=\"og:site_name\" content=\"Collenda\" \/>\n<meta property=\"article:published_time\" content=\"2018-10-11T22:00:00+00:00\" \/>\n<meta property=\"article:modified_time\" content=\"2021-08-05T15:16:42+00:00\" \/>\n<meta name=\"author\" content=\"Janosch\" \/>\n<meta name=\"twitter:card\" content=\"summary_large_image\" \/>\n<meta name=\"twitter:label1\" content=\"Verfasst von\" \/>\n\t<meta name=\"twitter:data1\" content=\"Janosch\" \/>\n\t<meta name=\"twitter:label2\" content=\"Gesch\u00e4tzte Lesezeit\" \/>\n\t<meta name=\"twitter:data2\" content=\"1\u00a0Minute\" \/>\n<script type=\"application\/ld+json\" class=\"yoast-schema-graph\">{\"@context\":\"https:\\\/\\\/schema.org\",\"@graph\":[{\"@type\":\"Article\",\"@id\":\"https:\\\/\\\/collenda.com\\\/de\\\/collenda-erweitert-vertriebsteam-mit-senior-einstellung-um-das-wachstum-in-europa-zu-beschleunigen\\\/#article\",\"isPartOf\":{\"@id\":\"https:\\\/\\\/collenda.com\\\/de\\\/collenda-erweitert-vertriebsteam-mit-senior-einstellung-um-das-wachstum-in-europa-zu-beschleunigen\\\/\"},\"author\":{\"name\":\"Janosch\",\"@id\":\"https:\\\/\\\/collenda.com\\\/de\\\/#\\\/schema\\\/person\\\/61e686e8117933cd5f9a45ba69bf83a4\"},\"headline\":\"Collenda erweitert Vertriebsteam mit Senior Einstellung, um das Wachstum in Europa zu beschleunigen.\",\"datePublished\":\"2018-10-11T22:00:00+00:00\",\"dateModified\":\"2021-08-05T15:16:42+00:00\",\"mainEntityOfPage\":{\"@id\":\"https:\\\/\\\/collenda.com\\\/de\\\/collenda-erweitert-vertriebsteam-mit-senior-einstellung-um-das-wachstum-in-europa-zu-beschleunigen\\\/\"},\"wordCount\":378,\"articleSection\":[\"News\"],\"inLanguage\":\"de\"},{\"@type\":\"WebPage\",\"@id\":\"https:\\\/\\\/collenda.com\\\/de\\\/collenda-erweitert-vertriebsteam-mit-senior-einstellung-um-das-wachstum-in-europa-zu-beschleunigen\\\/\",\"url\":\"https:\\\/\\\/collenda.com\\\/de\\\/collenda-erweitert-vertriebsteam-mit-senior-einstellung-um-das-wachstum-in-europa-zu-beschleunigen\\\/\",\"name\":\"Collenda erweitert Vertriebsteam mit Senior Einstellung, um das Wachstum in Europa zu beschleunigen. - Collenda\",\"isPartOf\":{\"@id\":\"https:\\\/\\\/collenda.com\\\/de\\\/#website\"},\"datePublished\":\"2018-10-11T22:00:00+00:00\",\"dateModified\":\"2021-08-05T15:16:42+00:00\",\"author\":{\"@id\":\"https:\\\/\\\/collenda.com\\\/de\\\/#\\\/schema\\\/person\\\/61e686e8117933cd5f9a45ba69bf83a4\"},\"breadcrumb\":{\"@id\":\"https:\\\/\\\/collenda.com\\\/de\\\/collenda-erweitert-vertriebsteam-mit-senior-einstellung-um-das-wachstum-in-europa-zu-beschleunigen\\\/#breadcrumb\"},\"inLanguage\":\"de\",\"potentialAction\":[{\"@type\":\"ReadAction\",\"target\":[\"https:\\\/\\\/collenda.com\\\/de\\\/collenda-erweitert-vertriebsteam-mit-senior-einstellung-um-das-wachstum-in-europa-zu-beschleunigen\\\/\"]}]},{\"@type\":\"BreadcrumbList\",\"@id\":\"https:\\\/\\\/collenda.com\\\/de\\\/collenda-erweitert-vertriebsteam-mit-senior-einstellung-um-das-wachstum-in-europa-zu-beschleunigen\\\/#breadcrumb\",\"itemListElement\":[{\"@type\":\"ListItem\",\"position\":1,\"name\":\"Home\",\"item\":\"https:\\\/\\\/collenda.com\\\/de\\\/\"},{\"@type\":\"ListItem\",\"position\":2,\"name\":\"Collenda erweitert Vertriebsteam mit Senior Einstellung, um das Wachstum in Europa zu beschleunigen.\"}]},{\"@type\":\"WebSite\",\"@id\":\"https:\\\/\\\/collenda.com\\\/de\\\/#website\",\"url\":\"https:\\\/\\\/collenda.com\\\/de\\\/\",\"name\":\"Collenda\",\"description\":\"\",\"potentialAction\":[{\"@type\":\"SearchAction\",\"target\":{\"@type\":\"EntryPoint\",\"urlTemplate\":\"https:\\\/\\\/collenda.com\\\/de\\\/?s={search_term_string}\"},\"query-input\":{\"@type\":\"PropertyValueSpecification\",\"valueRequired\":true,\"valueName\":\"search_term_string\"}}],\"inLanguage\":\"de\"},{\"@type\":\"Person\",\"@id\":\"https:\\\/\\\/collenda.com\\\/de\\\/#\\\/schema\\\/person\\\/61e686e8117933cd5f9a45ba69bf83a4\",\"name\":\"Janosch\",\"image\":{\"@type\":\"ImageObject\",\"inLanguage\":\"de\",\"@id\":\"https:\\\/\\\/secure.gravatar.com\\\/avatar\\\/b70266c068659e15398a4949c883c9936147bc4968df83ad164f361d85898a9e?s=96&d=mm&r=g\",\"url\":\"https:\\\/\\\/secure.gravatar.com\\\/avatar\\\/b70266c068659e15398a4949c883c9936147bc4968df83ad164f361d85898a9e?s=96&d=mm&r=g\",\"contentUrl\":\"https:\\\/\\\/secure.gravatar.com\\\/avatar\\\/b70266c068659e15398a4949c883c9936147bc4968df83ad164f361d85898a9e?s=96&d=mm&r=g\",\"caption\":\"Janosch\"},\"url\":\"https:\\\/\\\/collenda.com\\\/de\\\/author\\\/jskrobek\\\/\"}]}<\/script>\n<!-- \/ Yoast SEO plugin. -->","yoast_head_json":{"title":"Collenda erweitert Vertriebsteam mit Senior Einstellung, um das Wachstum in Europa zu beschleunigen. - Collenda","robots":{"index":"noindex","follow":"follow","max-snippet":"max-snippet:-1","max-image-preview":"max-image-preview:large","max-video-preview":"max-video-preview:-1"},"og_locale":"de_DE","og_type":"article","og_title":"Collenda erweitert Vertriebsteam mit Senior Einstellung, um das Wachstum in Europa zu beschleunigen. - Collenda","og_url":"https:\/\/collenda.com\/de\/collenda-erweitert-vertriebsteam-mit-senior-einstellung-um-das-wachstum-in-europa-zu-beschleunigen\/","og_site_name":"Collenda","article_published_time":"2018-10-11T22:00:00+00:00","article_modified_time":"2021-08-05T15:16:42+00:00","author":"Janosch","twitter_card":"summary_large_image","twitter_misc":{"Verfasst von":"Janosch","Gesch\u00e4tzte Lesezeit":"1\u00a0Minute"},"schema":{"@context":"https:\/\/schema.org","@graph":[{"@type":"Article","@id":"https:\/\/collenda.com\/de\/collenda-erweitert-vertriebsteam-mit-senior-einstellung-um-das-wachstum-in-europa-zu-beschleunigen\/#article","isPartOf":{"@id":"https:\/\/collenda.com\/de\/collenda-erweitert-vertriebsteam-mit-senior-einstellung-um-das-wachstum-in-europa-zu-beschleunigen\/"},"author":{"name":"Janosch","@id":"https:\/\/collenda.com\/de\/#\/schema\/person\/61e686e8117933cd5f9a45ba69bf83a4"},"headline":"Collenda erweitert Vertriebsteam mit Senior Einstellung, um das Wachstum in Europa zu beschleunigen.","datePublished":"2018-10-11T22:00:00+00:00","dateModified":"2021-08-05T15:16:42+00:00","mainEntityOfPage":{"@id":"https:\/\/collenda.com\/de\/collenda-erweitert-vertriebsteam-mit-senior-einstellung-um-das-wachstum-in-europa-zu-beschleunigen\/"},"wordCount":378,"articleSection":["News"],"inLanguage":"de"},{"@type":"WebPage","@id":"https:\/\/collenda.com\/de\/collenda-erweitert-vertriebsteam-mit-senior-einstellung-um-das-wachstum-in-europa-zu-beschleunigen\/","url":"https:\/\/collenda.com\/de\/collenda-erweitert-vertriebsteam-mit-senior-einstellung-um-das-wachstum-in-europa-zu-beschleunigen\/","name":"Collenda erweitert Vertriebsteam mit Senior Einstellung, um das Wachstum in Europa zu beschleunigen. - Collenda","isPartOf":{"@id":"https:\/\/collenda.com\/de\/#website"},"datePublished":"2018-10-11T22:00:00+00:00","dateModified":"2021-08-05T15:16:42+00:00","author":{"@id":"https:\/\/collenda.com\/de\/#\/schema\/person\/61e686e8117933cd5f9a45ba69bf83a4"},"breadcrumb":{"@id":"https:\/\/collenda.com\/de\/collenda-erweitert-vertriebsteam-mit-senior-einstellung-um-das-wachstum-in-europa-zu-beschleunigen\/#breadcrumb"},"inLanguage":"de","potentialAction":[{"@type":"ReadAction","target":["https:\/\/collenda.com\/de\/collenda-erweitert-vertriebsteam-mit-senior-einstellung-um-das-wachstum-in-europa-zu-beschleunigen\/"]}]},{"@type":"BreadcrumbList","@id":"https:\/\/collenda.com\/de\/collenda-erweitert-vertriebsteam-mit-senior-einstellung-um-das-wachstum-in-europa-zu-beschleunigen\/#breadcrumb","itemListElement":[{"@type":"ListItem","position":1,"name":"Home","item":"https:\/\/collenda.com\/de\/"},{"@type":"ListItem","position":2,"name":"Collenda erweitert Vertriebsteam mit Senior Einstellung, um das Wachstum in Europa zu beschleunigen."}]},{"@type":"WebSite","@id":"https:\/\/collenda.com\/de\/#website","url":"https:\/\/collenda.com\/de\/","name":"Collenda","description":"","potentialAction":[{"@type":"SearchAction","target":{"@type":"EntryPoint","urlTemplate":"https:\/\/collenda.com\/de\/?s={search_term_string}"},"query-input":{"@type":"PropertyValueSpecification","valueRequired":true,"valueName":"search_term_string"}}],"inLanguage":"de"},{"@type":"Person","@id":"https:\/\/collenda.com\/de\/#\/schema\/person\/61e686e8117933cd5f9a45ba69bf83a4","name":"Janosch","image":{"@type":"ImageObject","inLanguage":"de","@id":"https:\/\/secure.gravatar.com\/avatar\/b70266c068659e15398a4949c883c9936147bc4968df83ad164f361d85898a9e?s=96&d=mm&r=g","url":"https:\/\/secure.gravatar.com\/avatar\/b70266c068659e15398a4949c883c9936147bc4968df83ad164f361d85898a9e?s=96&d=mm&r=g","contentUrl":"https:\/\/secure.gravatar.com\/avatar\/b70266c068659e15398a4949c883c9936147bc4968df83ad164f361d85898a9e?s=96&d=mm&r=g","caption":"Janosch"},"url":"https:\/\/collenda.com\/de\/author\/jskrobek\/"}]}},"_links":{"self":[{"href":"https:\/\/collenda.com\/de\/wp-json\/wp\/v2\/posts\/1502","targetHints":{"allow":["GET"]}}],"collection":[{"href":"https:\/\/collenda.com\/de\/wp-json\/wp\/v2\/posts"}],"about":[{"href":"https:\/\/collenda.com\/de\/wp-json\/wp\/v2\/types\/post"}],"author":[{"embeddable":true,"href":"https:\/\/collenda.com\/de\/wp-json\/wp\/v2\/users\/7"}],"replies":[{"embeddable":true,"href":"https:\/\/collenda.com\/de\/wp-json\/wp\/v2\/comments?post=1502"}],"version-history":[{"count":1,"href":"https:\/\/collenda.com\/de\/wp-json\/wp\/v2\/posts\/1502\/revisions"}],"predecessor-version":[{"id":1755,"href":"https:\/\/collenda.com\/de\/wp-json\/wp\/v2\/posts\/1502\/revisions\/1755"}],"wp:attachment":[{"href":"https:\/\/collenda.com\/de\/wp-json\/wp\/v2\/media?parent=1502"}],"wp:term":[{"taxonomy":"category","embeddable":true,"href":"https:\/\/collenda.com\/de\/wp-json\/wp\/v2\/categories?post=1502"},{"taxonomy":"post_tag","embeddable":true,"href":"https:\/\/collenda.com\/de\/wp-json\/wp\/v2\/tags?post=1502"}],"curies":[{"name":"wp","href":"https:\/\/api.w.org\/{rel}","templated":true}]}}