{"id":8236,"date":"2021-07-25T13:21:22","date_gmt":"2021-07-25T11:21:22","guid":{"rendered":"https:\/\/collenda.com\/?p=8236"},"modified":"2021-09-02T12:30:50","modified_gmt":"2021-09-02T10:30:50","slug":"unternehmen-am-tropf","status":"publish","type":"post","link":"https:\/\/collenda.com\/de\/unternehmen-am-tropf\/","title":{"rendered":"Unternehmen am Tropf &#8211; so dramatisch w\u00e4re die Situation ohne staatliche Eingriffe (Video-Update 07\/2021)"},"content":{"rendered":"<p><div class=\"fusion-bg-parallax\" data-bg-align=\"center center\" data-direction=\"up\" data-mute=\"false\" data-opacity=\"100\" data-velocity=\"-0.1\" data-mobile-enabled=\"false\" data-break_parents=\"0\" data-bg-image=\"https:\/\/collenda.com\/wp-content\/uploads\/2021\/05\/Tourismus-und-Transport-kl-e1620211538905.jpg\" data-bg-repeat=\"false\" ><\/div><div class=\"fusion-fullwidth fullwidth-box fusion-builder-row-1 fusion-flex-container fusion-parallax-up nonhundred-percent-fullwidth non-hundred-percent-height-scrolling hero\" style=\"--awb-border-radius-top-left:0px;--awb-border-radius-top-right:0px;--awb-border-radius-bottom-right:0px;--awb-border-radius-bottom-left:0px;--awb-min-height:50vh;--awb-background-image:url(&quot;https:\/\/collenda.com\/wp-content\/uploads\/2021\/05\/Tourismus-und-Transport-kl-e1620211538905.jpg&quot;);--awb-background-size:cover;--awb-flex-wrap:wrap;\" ><div class=\"fusion-builder-row fusion-row fusion-flex-align-items-flex-start fusion-flex-content-wrap\" style=\"max-width:1397.76px;margin-left: calc(-4% \/ 2 );margin-right: calc(-4% \/ 2 );\"><div class=\"fusion-layout-column fusion_builder_column fusion-builder-column-0 fusion_builder_column_2_3 2_3 fusion-flex-column fusion-flex-align-self-center\" style=\"--awb-bg-color:rgba(25,35,62,0.44);--awb-bg-color-hover:rgba(25,35,62,0.44);--awb-bg-size:cover;--awb-width-large:66.6666666667%;--awb-margin-top-large:0px;--awb-spacing-right-large:2.88%;--awb-margin-bottom-large:20px;--awb-spacing-left-large:2.88%;--awb-width-medium:66.6666666667%;--awb-order-medium:0;--awb-spacing-right-medium:2.88%;--awb-spacing-left-medium:2.88%;--awb-width-small:100%;--awb-order-small:0;--awb-spacing-right-small:1.92%;--awb-spacing-left-small:1.92%;\"><div class=\"fusion-column-wrapper fusion-column-has-shadow fusion-flex-justify-content-flex-start fusion-content-layout-column\"><div class=\"fusion-text fusion-text-1\"><h1>Unternehmen am Tropf &#8211; so dramatisch w\u00e4re die Situation ohne staatliche Eingriffe (Video-Update 2021)<\/h1>\n<\/div><\/div><\/div><\/div><\/div><div class=\"fusion-fullwidth fullwidth-box fusion-builder-row-2 fusion-flex-container nonhundred-percent-fullwidth non-hundred-percent-height-scrolling\" style=\"--awb-border-radius-top-left:0px;--awb-border-radius-top-right:0px;--awb-border-radius-bottom-right:0px;--awb-border-radius-bottom-left:0px;--awb-flex-wrap:wrap;\" ><div class=\"fusion-builder-row fusion-row fusion-flex-align-items-flex-start fusion-flex-content-wrap\" style=\"max-width:1397.76px;margin-left: calc(-4% \/ 2 );margin-right: calc(-4% \/ 2 );\"><div class=\"fusion-layout-column fusion_builder_column fusion-builder-column-1 fusion_builder_column_1_6 1_6 fusion-flex-column\" style=\"--awb-bg-size:cover;--awb-width-large:16.6666666667%;--awb-margin-top-large:0px;--awb-spacing-right-large:11.52%;--awb-margin-bottom-large:20px;--awb-spacing-left-large:11.52%;--awb-width-medium:16.6666666667%;--awb-order-medium:0;--awb-spacing-right-medium:11.52%;--awb-spacing-left-medium:11.52%;--awb-width-small:100%;--awb-order-small:0;--awb-spacing-right-small:1.92%;--awb-spacing-left-small:1.92%;\"><div class=\"fusion-column-wrapper fusion-column-has-shadow fusion-flex-justify-content-flex-start fusion-content-layout-column\"><\/div><\/div><div class=\"fusion-layout-column fusion_builder_column fusion-builder-column-2 fusion_builder_column_2_3 2_3 fusion-flex-column\" style=\"--awb-bg-size:cover;--awb-width-large:66.6666666667%;--awb-margin-top-large:0px;--awb-spacing-right-large:2.88%;--awb-margin-bottom-large:20px;--awb-spacing-left-large:2.88%;--awb-width-medium:66.6666666667%;--awb-order-medium:0;--awb-spacing-right-medium:2.88%;--awb-spacing-left-medium:2.88%;--awb-width-small:100%;--awb-order-small:0;--awb-spacing-right-small:1.92%;--awb-spacing-left-small:1.92%;\"><div class=\"fusion-column-wrapper fusion-column-has-shadow fusion-flex-justify-content-flex-start fusion-content-layout-column\"><div class=\"fusion-text fusion-text-2\"><h2><strong>Die Zahl der Firmenpleiten ist im Corona-Jahr 2020 gegen\u00fcber dem Vorjahr um 15,5 % gesunken. Wie kann das sein? Der Kreditversicherer Coface hat in einer Studie simuliert, wie das wahre Ausma\u00df ohne staatliche Eingriffsma\u00dfnahmen verlaufen w\u00e4re. Wir haben den Themenkomplex gemeinsam mit Coface-Volkswirtin Christiane von Berg St\u00fcck f\u00fcr St\u00fcck seziert.<\/strong><\/h2>\n<\/div><p>\n<\/p><div class=\"fusion-text fusion-text-3\"><p>Verwaiste Gesch\u00e4fte in den Innenst\u00e4dten. Verzweifelte Kleinunternehmer, die seit Monaten auf Hilfsgelder warten. Ladeninhaber, die ihre Ersparnisreserven aufbrauchen. An wirtschaftlichen Horrorszenarien herrscht derweil wahrlich kein Mangel. Dass die Zahl der Insolvenzen 2020 gegen\u00fcber dem Vorjahr um 15,5 % gesunken ist, ist f\u00fcr Christiane von Berg, Volkswirtin beim Kreditversicherer Coface, \u201egegen jedes wirtschaftliche Verst\u00e4ndnis\u201c \u2013 aber erkl\u00e4rbar. Das wahre Ausma\u00df der Krise w\u00e4re n\u00e4mlich ohne staatliche Unterst\u00fctzungsma\u00dfnahmen deutlich gr\u00f6\u00dfer. Das geht aus einer Coface-Studie hervor, an der die Volkswirtin mitgearbeitet hat. Ein Ergebnis der Studie: Rechnet man staatliche Hilfen wie die Kurzarbeit heraus, st\u00fcnde anstelle eines R\u00fcckgangs ein errechneter Anstieg der Insolvenzen von 9 Prozent.<\/p>\n<p>Dass der Schein tr\u00fcgt, wird zudem beim Blick auf den wirtschaftlichen Schaden deutlich. Der wird 2020 bei voraussichtlich 44,1 Milliarden \u20ac liegen. In den vergangenen Jahren war der Schaden lediglich 2009 noch gravierender (73,1 Milliarden Euro). Die Gefahr f\u00fcr Forderungsausf\u00e4lle h\u00e4ngt auch 2021 wie ein Damoklesschwert \u00fcber der deutschen Unternehmenslandschaft.<\/p>\n<h3><strong>Die Branchen<\/strong><\/h3>\n<p>Coface hat f\u00fcr seine Studie die sechs Sektoren Bauwesen, Einzelhandel, Verarbeitendes Gewerbe, Tourismus, Unternehmensdienstleistungen und Transport und Logistik (inklusive Personenbef\u00f6rderung) untersucht, da hier \u2013 nicht nur in der Krise \u2013 in der Regel 80 % aller Insolvenzen eintreten. Hier ist die Betroffenheit durchaus unterschiedlich: W\u00e4hrend der Tourismus seit Beginn der Pandemie stark leidet, waren das Verarbeitende Gewerbe und die Logistik im ersten Lockdown st\u00e4rker betroffen. \u201eDie Nachfrage durch die f\u00fcr Deutschland wichtigsten Exportl\u00e4ndern war im ersten Lockdown geringer, jetzt sind die Stra\u00dfen wieder voll\u201c, sagt Christiane von Berg. Die Konsument:innen h\u00e4tten sich inzwischen auf E-Commerce eingestellt. Auch das Verarbeitende Gewerbe produziere wieder auf Vorkrisenniveau, nachdem w\u00e4hrend des ersten Lockdowns unter anderem das Einf\u00fchren von Hygienema\u00dfnahmen die Produktion verlangsamt h\u00e4tten. Der Personentransport hingegen leidet \u00e4hnlich wie der Tourismus an den Reisebeschr\u00e4nkungen.<\/p>\n<\/div><div class=\"fusion-text fusion-text-4\"><h2>Video-Update &#8222;Insolvenzen&#8220; Stand Juli 2021<\/h2>\n<\/div><p>\n<\/p><div class=\"fusion-video fusion-youtube\" style=\"--awb-max-width:600px;--awb-max-height:360px;--awb-align-self:center;--awb-width:100%;\"><div class=\"video-shortcode\"> <div class=\"brlbs-cmpnt-container brlbs-cmpnt-content-blocker brlbs-cmpnt-with-individual-styles\" data-borlabs-cookie-content-blocker-id=\"youtube-content-blocker\" data-borlabs-cookie-content=\"PGxpdGUteW91dHViZSB2aWRlb2lkPSJpRl9nTjNCWFR6dyIgY2xhc3M9ImxhbmRzY2FwZSBsdHktbG9hZCIgcGFyYW1zPSJ3bW9kZT10cmFuc3BhcmVudCZhdXRvcGxheT0xJmFtcDtlbmFibGVqc2FwaT0xIiB0aXRsZT0iWW91VHViZSB2aWRlbyBwbGF5ZXIgMSIgZGF0YS1idXR0b24tbGFiZWw9IlBsYXkgVmlkZW8iIHdpZHRoPSI2MDAiIGhlaWdodD0iMzYwIiBkYXRhLXRodW1ibmFpbC1zaXplPSJhdXRvIiBkYXRhLW5vLWNvb2tpZT0ib24iPjwvbGl0ZS15b3V0dWJlPjxzY3JpcHQgZGF0YS1ib3JsYWJzLWNvb2tpZS1zY3JpcHQtYmxvY2tlci1pZ25vcmU+CihmdW5jdGlvbigpIHsKICAgIGNvbnN0IGZ1c2lvblZpZGVvID0gZG9jdW1lbnQuY3VycmVudFNjcmlwdC5jbG9zZXN0KCcuZnVzaW9uLXZpZGVvJyk7CiAgICBpZiAoIWZ1c2lvblZpZGVvIHx8IHR5cGVvZiBqUXVlcnkgPT09ICd1bmRlZmluZWQnKSB7CiAgICAgICAgcmV0dXJuOwogICAgfQogICAgIWpRdWVyeShmdXNpb25WaWRlbykucGFyZW50cygiLmZ1c2lvbi1tb2RhbCIpLmxlbmd0aCAmJiAxID09IGpRdWVyeShmdXNpb25WaWRlbykuZGF0YSgiYXV0b3BsYXkiKSAmJiBqUXVlcnkoZnVzaW9uVmlkZW8pLmlzKCI6dmlzaWJsZSIpICYmIGpRdWVyeShmdXNpb25WaWRlbykuZmluZCgiaWZyYW1lIikuZWFjaCgoZnVuY3Rpb24gKCkgewogICAgICBqUXVlcnkodGhpcykuaGFzQ2xhc3MoImxhenlsb2FkIikgPyBqUXVlcnkodGhpcykub24oImxhenlsb2FkZWQiLCAoZnVuY3Rpb24gKCkgewogICAgICAgIHRoaXMuY29udGVudFdpbmRvdy5sb2NhdGlvbi5yZXBsYWNlKGpRdWVyeSh0aGlzKS5hdHRyKCJkYXRhLW9yaWctc3JjIikucmVwbGFjZSgiYXV0b3BsYXk9MCIsICJhdXRvcGxheT0xIikpCiAgICAgIH0pKSA6IGpRdWVyeSh0aGlzKS5hdHRyKCJzcmMiLCBqUXVlcnkodGhpcykuYXR0cigic3JjIikucmVwbGFjZSgiYXV0b3BsYXk9MCIsICJhdXRvcGxheT0xIikpCiAgICB9KSkKfSkoKTsKPC9zY3JpcHQ+\"><div class=\"brlbs-cmpnt-cb-preset-c brlbs-cmpnt-cb-youtube\"> <div class=\"brlbs-cmpnt-cb-thumbnail\" style=\"background-image: url('http:\/\/collenda.com\/wp-content\/uploads\/borlabs-cookie\/1\/brlbs-cb-youtube-main.png')\"><\/div> <div class=\"brlbs-cmpnt-cb-main\"> <div class=\"brlbs-cmpnt-cb-play-button\"><\/div> <div class=\"brlbs-cmpnt-cb-content\"> <p class=\"brlbs-cmpnt-cb-description\">Sie sehen gerade einen Platzhalterinhalt von <strong>YouTube<\/strong>. Um auf den eigentlichen Inhalt zuzugreifen, klicken Sie auf die Schaltfl\u00e4che unten. Bitte beachten Sie, dass dabei Daten an Drittanbieter weitergegeben werden.<\/p> <a class=\"brlbs-cmpnt-cb-provider-toggle\" href=\"#\" data-borlabs-cookie-show-provider-information role=\"button\">Mehr Informationen<\/a> <\/div> <div class=\"brlbs-cmpnt-cb-buttons\"> <a class=\"brlbs-cmpnt-cb-btn\" href=\"#\" data-borlabs-cookie-unblock role=\"button\">Inhalt entsperren<\/a> <a class=\"brlbs-cmpnt-cb-btn\" href=\"#\" data-borlabs-cookie-accept-service role=\"button\" style=\"display: inherit\">Erforderlichen Service akzeptieren und Inhalte entsperren<\/a> <\/div> <\/div> <\/div><\/div><\/div><\/div><p>\n<\/p><\/div><\/div><div class=\"fusion-layout-column fusion_builder_column fusion-builder-column-3 fusion_builder_column_1_6 1_6 fusion-flex-column\" style=\"--awb-bg-size:cover;--awb-width-large:16.6666666667%;--awb-margin-top-large:0px;--awb-spacing-right-large:11.52%;--awb-margin-bottom-large:20px;--awb-spacing-left-large:11.52%;--awb-width-medium:16.6666666667%;--awb-order-medium:0;--awb-spacing-right-medium:11.52%;--awb-spacing-left-medium:11.52%;--awb-width-small:100%;--awb-order-small:0;--awb-spacing-right-small:1.92%;--awb-spacing-left-small:1.92%;\"><div class=\"fusion-column-wrapper fusion-column-has-shadow fusion-flex-justify-content-flex-start fusion-content-layout-column\"><\/div><\/div><\/div><\/div><div class=\"fusion-bg-parallax\" data-bg-align=\"left top\" data-direction=\"up\" data-mute=\"false\" data-opacity=\"100\" data-velocity=\"-0.5\" data-mobile-enabled=\"false\" data-break_parents=\"0\" data-bg-image=\"https:\/\/collenda.com\/wp-content\/uploads\/2021\/05\/Rohre.jpg\" data-bg-repeat=\"false\" data-bg-color=\"#a2bac2\" ><\/div><div class=\"fusion-fullwidth fullwidth-box fusion-builder-row-3 fusion-flex-container fusion-parallax-up nonhundred-percent-fullwidth non-hundred-percent-height-scrolling\" style=\"--awb-background-position:left top;--awb-border-radius-top-left:0px;--awb-border-radius-top-right:0px;--awb-border-radius-bottom-right:0px;--awb-border-radius-bottom-left:0px;--awb-padding-top:120px;--awb-padding-bottom:120px;--awb-margin-top:15px;--awb-background-color:#a2bac2;--awb-background-image:url(&quot;https:\/\/collenda.com\/wp-content\/uploads\/2021\/05\/Rohre.jpg&quot;);--awb-background-size:cover;--awb-flex-wrap:wrap;\" ><div class=\"fusion-builder-row fusion-row fusion-flex-align-items-flex-start fusion-flex-content-wrap\" style=\"max-width:1397.76px;margin-left: calc(-4% \/ 2 );margin-right: calc(-4% \/ 2 );\"><div class=\"fusion-layout-column fusion_builder_column fusion-builder-column-4 fusion_builder_column_1_2 1_2 fusion-flex-column\" style=\"--awb-overflow:hidden;--awb-bg-color:#ffffff;--awb-bg-color-hover:#ffffff;--awb-bg-size:cover;--awb-border-color:#ffffff;--awb-border-right:30px;--awb-border-bottom:20px;--awb-border-left:30px;--awb-border-style:solid;--awb-border-radius:4px 4px 4px 4px;--awb-width-large:50%;--awb-margin-top-large:0px;--awb-spacing-right-large:3.84%;--awb-margin-bottom-large:20px;--awb-spacing-left-large:3.84%;--awb-width-medium:50%;--awb-order-medium:0;--awb-spacing-right-medium:3.84%;--awb-spacing-left-medium:3.84%;--awb-width-small:100%;--awb-order-small:0;--awb-spacing-right-small:1.92%;--awb-spacing-left-small:1.92%;\"><div class=\"fusion-column-wrapper fusion-column-has-shadow fusion-flex-justify-content-flex-start fusion-content-layout-column\"><div class=\"fusion-builder-row fusion-builder-row-inner fusion-row fusion-flex-align-items-flex-start fusion-flex-content-wrap\" style=\"--awb-flex-grow:0;--awb-flex-grow-medium:0;--awb-flex-grow-small:0;--awb-flex-shrink:0;--awb-flex-shrink-medium:0;--awb-flex-shrink-small:0;width:104% !important;max-width:104% !important;margin-left: calc(-4% \/ 2 );margin-right: calc(-4% \/ 2 );\"><div class=\"fusion-layout-column fusion_builder_column_inner fusion-builder-nested-column-0 fusion_builder_column_inner_1_1 1_1 fusion-flex-column\" style=\"--awb-bg-size:cover;--awb-width-large:100%;--awb-margin-top-large:0px;--awb-spacing-right-large:1.92%;--awb-margin-bottom-large:20px;--awb-spacing-left-large:1.92%;--awb-width-medium:100%;--awb-order-medium:0;--awb-spacing-right-medium:1.92%;--awb-spacing-left-medium:1.92%;--awb-width-small:100%;--awb-order-small:0;--awb-spacing-right-small:1.92%;--awb-spacing-left-small:1.92%;\"><div class=\"fusion-column-wrapper fusion-column-has-shadow fusion-flex-justify-content-flex-start fusion-content-layout-column\"><div class=\"fusion-text fusion-text-5\"><blockquote>\n<h3>Das Insolvenzmodell<\/h3>\n<p>In die Rechnung der Firma Coface eingeflossen sind: <strong>Umsatzentwicklung <\/strong>und <strong>Unterst\u00fctzungsma\u00dfnahmen<\/strong> (direkte Subventionen, Kurzarbeit) <em>minus<\/em> <strong>Kosten<\/strong> (zum Beispiel Personal) <em>geteilt durch<\/em> die <strong>Gesamtverschuldung<\/strong>.<\/p>\n<\/blockquote>\n<\/div><\/div><\/div><\/div><\/div><\/div><div class=\"fusion-layout-column fusion_builder_column fusion-builder-column-5 fusion_builder_column_1_2 1_2 fusion-flex-column\" style=\"--awb-bg-size:cover;--awb-width-large:50%;--awb-margin-top-large:0px;--awb-spacing-right-large:3.84%;--awb-margin-bottom-large:20px;--awb-spacing-left-large:3.84%;--awb-width-medium:50%;--awb-order-medium:0;--awb-spacing-right-medium:3.84%;--awb-spacing-left-medium:3.84%;--awb-width-small:100%;--awb-order-small:0;--awb-spacing-right-small:1.92%;--awb-spacing-left-small:1.92%;\"><div class=\"fusion-column-wrapper fusion-column-has-shadow fusion-flex-justify-content-flex-start fusion-content-layout-column\"><\/div><\/div><\/div><\/div><div class=\"fusion-fullwidth fullwidth-box fusion-builder-row-4 fusion-flex-container nonhundred-percent-fullwidth non-hundred-percent-height-scrolling\" style=\"--awb-border-radius-top-left:0px;--awb-border-radius-top-right:0px;--awb-border-radius-bottom-right:0px;--awb-border-radius-bottom-left:0px;--awb-flex-wrap:wrap;\" ><div class=\"fusion-builder-row fusion-row fusion-flex-align-items-flex-start fusion-flex-content-wrap\" style=\"max-width:1397.76px;margin-left: calc(-4% \/ 2 );margin-right: calc(-4% \/ 2 );\"><div class=\"fusion-layout-column fusion_builder_column fusion-builder-column-6 fusion_builder_column_1_6 1_6 fusion-flex-column\" style=\"--awb-bg-size:cover;--awb-width-large:16.6666666667%;--awb-margin-top-large:0px;--awb-spacing-right-large:11.52%;--awb-margin-bottom-large:20px;--awb-spacing-left-large:11.52%;--awb-width-medium:16.6666666667%;--awb-order-medium:0;--awb-spacing-right-medium:11.52%;--awb-spacing-left-medium:11.52%;--awb-width-small:100%;--awb-order-small:0;--awb-spacing-right-small:1.92%;--awb-spacing-left-small:1.92%;\"><div class=\"fusion-column-wrapper fusion-column-has-shadow fusion-flex-justify-content-flex-start fusion-content-layout-column\"><\/div><\/div><div class=\"fusion-layout-column fusion_builder_column fusion-builder-column-7 fusion_builder_column_2_3 2_3 fusion-flex-column\" style=\"--awb-bg-size:cover;--awb-width-large:66.6666666667%;--awb-margin-top-large:0px;--awb-spacing-right-large:2.88%;--awb-margin-bottom-large:20px;--awb-spacing-left-large:2.88%;--awb-width-medium:66.6666666667%;--awb-order-medium:0;--awb-spacing-right-medium:2.88%;--awb-spacing-left-medium:2.88%;--awb-width-small:100%;--awb-order-small:0;--awb-spacing-right-small:1.92%;--awb-spacing-left-small:1.92%;\"><div class=\"fusion-column-wrapper fusion-column-has-shadow fusion-flex-justify-content-flex-start fusion-content-layout-column\"><p>\n<\/p><div class=\"fusion-text fusion-text-6\"><h3><strong>Der Staat <\/strong><\/h3>\n<p>Als Volkswirtin empfindet Christiane von Berg die staatlichen Hilfseingriffe durch Kurzarbeit, KfW-Kredite oder das Aussetzen der Insolvenzantragspflicht bis Ende April als zu stark, f\u00fcgt jedoch ein \u201eaber\u201c hinzu. Der Staat verf\u00fcge in dieser schwierigen Situation nicht \u00fcber alle notwendigen Informationen f\u00fcr die bestm\u00f6gliche Entscheidung: Wie ist das Gesch\u00e4ftsmodell des jeweiligen Unternehmens? Wie hoch dessen Liquidit\u00e4t? Wie genau wirken die Ma\u00dfnahmen Kurzarbeit und Br\u00fcckenhilfe? Mit vielen unsicheren Faktoren lasse sich ein Modell nur ganz grob bauen. Au\u00dferdem sei es nicht m\u00f6glich, die Ma\u00dfnahmen auf jedes Unternehmen individuell abzustimmen. \u201eDas sind also Aktionen mit dem Vorschlaghammer\u201c, sagt die Volkswirtin. Sie w\u00fcrde nat\u00fcrlich gerne er mit einem kleinen H\u00e4mmerchen und Mei\u00dfel die Ma\u00dfnahmen unternehmensspezifisch einsetzen. Aber: \u201eLieber zu viel, als zu wenig.\u201c Zudem sei Deutschland, was Wirtschaftsleistung und Lebensqualit\u00e4t angehe, mit einem blauen Auge davongekommen. W\u00e4hrend es hierzulande 2020 die st\u00e4rkste Rezession seit 2009 gegeben habe, war der Konjunktur-R\u00fcckgang in anderen L\u00e4ndern der st\u00e4rkste seit 1946.<\/p>\n<h3><strong>Die Zombies<\/strong><\/h3>\n<p>Gewarnt wird seit Installation der staatlichen Hilfsma\u00dfnahmen vor sogenannten <a href=\"https:\/\/collenda.com\/de\/blog\/zombie-gefahr-unternehmen-tappen-im-dunkeln\/\">Zombieunternehmen<\/a>, die ohne Unterst\u00fctzung nicht mehr lebensf\u00e4hig w\u00e4ren. Christiane von Berg meint, dass \u201eZombies\u201c nur ganz schwer zu erkennen seien. Zwar gebe es Sch\u00e4tzungen von der Bundesbank. Auch sei es m\u00f6glich, logisch herzuleiten, wo ungef\u00e4hr die Zombieunternehmen verortet seien. Eine genaue Lokalisierung werde aber erst dann stattfinden, wenn es zum Beispiel zu einer weiteren Krise ohne Unterst\u00fctzungsma\u00dfnahmen komme. Selbst das Ende der Aussetzung der Insolvenzantragspflicht zum 1. Mai m\u00fcsse nicht zwingend Klarheit bringen, sagt die Coface-Volkswirtin. Das habe das Beispiel Frankreich gezeigt, wo es Ende August bei einem vergleichbaren Szenario nicht zu mehr Insolvenzen gekommen sei. Hinzu kommt: Im Lockdown st\u00fcnden weniger Termine bei Gericht zur Verf\u00fcgung. Dementsprechend seien die Zahlen schon aufgrund dieses organisatorischen Dilemmas verzerrt. (Wir haben die <a href=\"https:\/\/collenda.com\/de\/blog\/zombiecard\/\">Zombiesystematik mittels einer Infografik<\/a> f\u00fcr Sie aufbereitet).<\/p>\n<h3><strong>Die Faktoren <\/strong><\/h3>\n<p>Das Voranschreiten der Impfkampagne ist f\u00fcr Christiane von Berg sowohl und damit f\u00fcr eine nachhaltige Konturbelebung essenziell. Zwar sei es im dritten Quartal 2020 zu einem starken Aufschwung gekommen. Diesen habe indes der darauffolgende Lockdown zunichte gemacht. \u201eWichtig ist, dass wir nun m\u00f6glichst schnell eine Herdenimmunit\u00e4t erreichen, um nicht st\u00e4ndig in das Stop-&amp;-Go zur\u00fcckzufallen\u201c, sagt die Volkswirtin. Weitere Faktoren sind China und die USA, da die deutsche Wirtschaft stark vom Verarbeitenden Gewerbe abh\u00e4nge und dieses wiederum vom Export in die genannten Industrienationen. \u201eDass China die Pandemie gut unter Kontrolle hat und die USA beim Impfen schon sehr weit sind, hat insbesondere dem Verarbeitenden Gewerbe in Deutschland das erste Quartal 2021 gerettet\u201c, sagt Christiane von Berg. Dass die US-Amerikaner durch die Impfung mehr Freiheiten h\u00e4tten, wirke sich \u00fcberdies positiv auf den Konsum aus.<\/p>\n<\/div><br><div class=\"fusion-image-element \" style=\"--awb-caption-title-font-family:var(--h2_typography-font-family);--awb-caption-title-font-weight:var(--h2_typography-font-weight);--awb-caption-title-font-style:var(--h2_typography-font-style);--awb-caption-title-size:var(--h2_typography-font-size);--awb-caption-title-transform:var(--h2_typography-text-transform);--awb-caption-title-line-height:var(--h2_typography-line-height);--awb-caption-title-letter-spacing:var(--h2_typography-letter-spacing);\"><span class=\" fusion-imageframe imageframe-none imageframe-1 hover-type-none\"><img decoding=\"async\" width=\"1000\" height=\"600\" alt=\"Christiane von Berg ist Chef-Volkswirtin beim Kreditversicherer Coface.\" title=\"Christiane von Berg kl\" src=\"https:\/\/collenda.com\/wp-content\/uploads\/2021\/05\/Christiane-von-Berg-kl.jpg\" class=\"img-responsive wp-image-8271\" srcset=\"https:\/\/collenda.com\/wp-content\/uploads\/2021\/05\/Christiane-von-Berg-kl-200x120.jpg 200w, https:\/\/collenda.com\/wp-content\/uploads\/2021\/05\/Christiane-von-Berg-kl-400x240.jpg 400w, https:\/\/collenda.com\/wp-content\/uploads\/2021\/05\/Christiane-von-Berg-kl-600x360.jpg 600w, https:\/\/collenda.com\/wp-content\/uploads\/2021\/05\/Christiane-von-Berg-kl-800x480.jpg 800w, https:\/\/collenda.com\/wp-content\/uploads\/2021\/05\/Christiane-von-Berg-kl.jpg 1000w\" sizes=\"(max-width: 800px) 100vw, 1000px\" \/><\/span><\/div><br><div class=\"fusion-text fusion-text-7\"><h3><strong>Die L\u00e4nder<\/strong><\/h3>\n<p>Insolvenzwachstum ist zwischen L\u00e4ndern nicht vergleichbar. Ein Anstieg der Pleiten von 9 % in Deutschland ist v\u00f6llig anders, als 19 % in Spanien. Insolvenzrecht und Unternehmenslandschaft seien unterschiedlich. L\u00e4nder mit einer starken Startup-Szene sind in der Regel anf\u00e4lliger als eine statische Unternehmenslandschaft wie in Deutschland. Christiane von Berg r\u00e4t, Insolvenzen immer im historischen Kontext innerhalb eines Landes zu betrachten. Hinzu kommt: zwar ist eine Insolvenz f\u00fcr das jeweilige Unternehmen immer ein schmerzvolles Drama, gesamtwirtschaftlich betrachtet m\u00fcssten Insolvenzen differenziert betrachtet werden. Der Schaden von Forderungsausf\u00e4llen kann genauso stark variieren wie der Verlust von Arbeitspl\u00e4tzen.<\/p>\n<h3><strong>Die Zukunft<\/strong><\/h3>\n<p>Das Statistische Bundesamt verzeichnet f\u00fcr Februar und M\u00e4rz einen Anstieg der Regelinsolvenzen, also der Antr\u00e4ge, die bei Gericht eingehen. Von einem Zuwachs von rund 30 % gegen\u00fcber dem Vormonat spricht Christiane von Berg. Das sei ein Fr\u00fchindikator, dass die Insolvenzen nun anz\u00f6gen und es zu einem Aufholeffekt kommt. Der Wert f\u00fcr M\u00e4rz 2021 liege bereits jetzt \u00fcber den Zahlen vom M\u00e4rz 2020. Wie schlimm es am Ende wirklich kommt, ist allerdings schwer zu prognostizieren. Die Volkswirtin geht davon aus, dass Unterst\u00fctzungsma\u00dfnahmen wie die Br\u00fcckenhilfe, Kinderfreibetr\u00e4ge, die Senkung der Mehrwertsteuer oder Subventionen f\u00fcr die Bereiche Kultur und Events einen Effekt gehabt haben.<\/p>\n<\/div><br><div style=\"text-align:center;\"><a class=\"fusion-button button-flat fusion-button-default-size button-default fusion-button-default button-1 fusion-button-default-span fusion-button-default-type\" target=\"_self\" href=\"https:\/\/collenda.com\/de\/kontakt\/\"><span class=\"fusion-button-text awb-button__text awb-button__text--default\">Kontaktieren Sie uns.<\/span><\/a><\/div><br><\/div><\/div><div class=\"fusion-layout-column fusion_builder_column fusion-builder-column-8 fusion_builder_column_1_6 1_6 fusion-flex-column\" style=\"--awb-bg-size:cover;--awb-width-large:16.6666666667%;--awb-margin-top-large:0px;--awb-spacing-right-large:11.52%;--awb-margin-bottom-large:20px;--awb-spacing-left-large:11.52%;--awb-width-medium:16.6666666667%;--awb-order-medium:0;--awb-spacing-right-medium:11.52%;--awb-spacing-left-medium:11.52%;--awb-width-small:100%;--awb-order-small:0;--awb-spacing-right-small:1.92%;--awb-spacing-left-small:1.92%;\"><div class=\"fusion-column-wrapper fusion-column-has-shadow fusion-flex-justify-content-flex-start fusion-content-layout-column\"><\/div><\/div><\/div><\/div><div id=\"kunden\" class=\"fusion-container-anchor\"><div class=\"fusion-fullwidth fullwidth-box fusion-builder-row-5 fusion-flex-container nonhundred-percent-fullwidth non-hundred-percent-height-scrolling kunden\" style=\"--awb-border-radius-top-left:0px;--awb-border-radius-top-right:0px;--awb-border-radius-bottom-right:0px;--awb-border-radius-bottom-left:0px;--awb-padding-top:60px;--awb-padding-bottom:100px;--awb-background-color:#f1f5f6;--awb-flex-wrap:wrap;\" ><div class=\"fusion-builder-row fusion-row fusion-flex-align-items-flex-start fusion-flex-content-wrap\" style=\"max-width:1397.76px;margin-left: calc(-4% \/ 2 );margin-right: calc(-4% \/ 2 );\"><div class=\"fusion-layout-column fusion_builder_column fusion-builder-column-9 fusion_builder_column_1_6 1_6 fusion-flex-column\" style=\"--awb-bg-size:cover;--awb-width-large:16.6666666667%;--awb-margin-top-large:0px;--awb-spacing-right-large:11.52%;--awb-margin-bottom-large:20px;--awb-spacing-left-large:11.52%;--awb-width-medium:16.6666666667%;--awb-order-medium:0;--awb-spacing-right-medium:11.52%;--awb-spacing-left-medium:11.52%;--awb-width-small:100%;--awb-order-small:0;--awb-spacing-right-small:1.92%;--awb-spacing-left-small:1.92%;\"><div class=\"fusion-column-wrapper fusion-column-has-shadow fusion-flex-justify-content-flex-start fusion-content-layout-column\"><\/div><\/div><div class=\"fusion-layout-column fusion_builder_column fusion-builder-column-10 fusion_builder_column_2_3 2_3 fusion-flex-column box kunden\" style=\"--awb-bg-size:cover;--awb-width-large:66.6666666667%;--awb-margin-top-large:0px;--awb-spacing-right-large:2.88%;--awb-margin-bottom-large:0px;--awb-spacing-left-large:2.88%;--awb-width-medium:66.6666666667%;--awb-order-medium:0;--awb-spacing-right-medium:2.88%;--awb-spacing-left-medium:2.88%;--awb-width-small:100%;--awb-order-small:0;--awb-spacing-right-small:1.92%;--awb-spacing-left-small:1.92%;\"><div class=\"fusion-column-wrapper fusion-column-has-shadow fusion-flex-justify-content-flex-start fusion-content-layout-column\"><div class=\"fusion-text fusion-text-8\"><h3><strong>Das k\u00f6nnte Sie auch interessieren:<\/strong><\/h3>\n<\/div><div class=\"fusion-separator fusion-full-width-sep\" style=\"align-self: center;margin-left: auto;margin-right: auto;margin-bottom:80px;width:100%;\"><\/div><div class=\"fusion-builder-row fusion-builder-row-inner fusion-row fusion-flex-align-items-flex-start fusion-flex-content-wrap\" style=\"--awb-flex-grow:0;--awb-flex-grow-medium:0;--awb-flex-grow-small:0;--awb-flex-shrink:0;--awb-flex-shrink-medium:0;--awb-flex-shrink-small:0;width:104% !important;max-width:104% !important;margin-left: calc(-4% \/ 2 );margin-right: calc(-4% \/ 2 );\"><div class=\"fusion-layout-column fusion_builder_column_inner fusion-builder-nested-column-1 fusion_builder_column_inner_1_2 1_2 fusion-flex-column fusion-column-inner-bg-wrapper fusion-column-liftup-border\" style=\"--awb-padding-top:10px;--awb-padding-right:10px;--awb-padding-bottom:10px;--awb-padding-left:10px;--awb-overflow:hidden;--awb-inner-bg-color:#ffffff;--awb-inner-bg-color-hover:#ffffff;--awb-inner-bg-size:cover;--awb-inner-bg-box-shadow:4px 4px 12px 0px rgba(0,0,0,0.1);;--awb-border-radius:4px 4px 4px 4px;--awb-liftup-border-radius:4px 4px 4px 4px;--awb-width-large:50%;--awb-margin-top-large:0px;--awb-spacing-right-large:3.84%;--awb-margin-bottom-large:20px;--awb-spacing-left-large:3.84%;--awb-width-medium:50%;--awb-order-medium:0;--awb-spacing-right-medium:3.84%;--awb-spacing-left-medium:3.84%;--awb-width-small:100%;--awb-order-small:0;--awb-spacing-right-small:1.92%;--awb-spacing-left-small:1.92%;\"><span class=\"fusion-column-inner-bg hover-type-liftup\"><a class=\"fusion-column-anchor\" href=\"https:\/\/collenda.com\/de\/news\/klasmann-deilmann-credit-management-feinschliff\/\"><span class=\"fusion-column-inner-bg-image\"><\/span><\/a><\/span><div class=\"fusion-column-wrapper fusion-flex-justify-content-flex-start fusion-content-layout-column\"><div class=\"fusion-text fusion-text-9\"><p><img decoding=\"async\" class=\"wp-image-6707 aligncenter\" src=\"https:\/\/collenda.com\/wp-content\/uploads\/2021\/02\/Klasmann_sm.jpg\" alt=\"\" width=\"328\" height=\"197\" srcset=\"https:\/\/collenda.com\/wp-content\/uploads\/2021\/02\/Klasmann_sm-200x120.jpg 200w, https:\/\/collenda.com\/wp-content\/uploads\/2021\/02\/Klasmann_sm-300x180.jpg 300w, https:\/\/collenda.com\/wp-content\/uploads\/2021\/02\/Klasmann_sm-400x240.jpg 400w, https:\/\/collenda.com\/wp-content\/uploads\/2021\/02\/Klasmann_sm-600x360.jpg 600w, https:\/\/collenda.com\/wp-content\/uploads\/2021\/02\/Klasmann_sm-768x461.jpg 768w, https:\/\/collenda.com\/wp-content\/uploads\/2021\/02\/Klasmann_sm-800x480.jpg 800w, https:\/\/collenda.com\/wp-content\/uploads\/2021\/02\/Klasmann_sm.jpg 1000w\" sizes=\"(max-width: 328px) 100vw, 328px\" \/><\/p>\n<\/div><div class=\"fusion-text fusion-text-10\"><h3 class=\"h4\">Credit Management bei Klasmann-Deilmann<\/h3>\n<\/div><i class=\"fb-icon-element-1 fb-icon-element fontawesome-icon fa-long-arrow-alt-right fas circle-no\" style=\"--awb-iconcolor:#24ce7b;--awb-iconcolor-hover:#24ce7b;--awb-font-size:24px;--awb-margin-top:0;--awb-margin-right:0;--awb-margin-bottom:0;--awb-margin-left:12px;--awb-align-self:flex-end;\"><\/i><\/div><\/div><div class=\"fusion-layout-column fusion_builder_column_inner fusion-builder-nested-column-2 fusion_builder_column_inner_1_2 1_2 fusion-flex-column fusion-column-inner-bg-wrapper fusion-column-liftup-border\" style=\"--awb-padding-top:10px;--awb-padding-right:10px;--awb-padding-bottom:10px;--awb-padding-left:10px;--awb-overflow:hidden;--awb-inner-bg-color:#ffffff;--awb-inner-bg-color-hover:#ffffff;--awb-inner-bg-size:cover;--awb-inner-bg-box-shadow:4px 4px 12px 0px rgba(0,0,0,0.1);;--awb-border-radius:4px 4px 4px 4px;--awb-liftup-border-radius:4px 4px 4px 4px;--awb-width-large:50%;--awb-margin-top-large:0px;--awb-spacing-right-large:3.84%;--awb-margin-bottom-large:20px;--awb-spacing-left-large:3.84%;--awb-width-medium:50%;--awb-order-medium:0;--awb-spacing-right-medium:3.84%;--awb-spacing-left-medium:3.84%;--awb-width-small:100%;--awb-order-small:0;--awb-spacing-right-small:1.92%;--awb-spacing-left-small:1.92%;\"><span class=\"fusion-column-inner-bg hover-type-liftup\"><a class=\"fusion-column-anchor\" href=\"https:\/\/collenda.com\/de\/news\/wie-zombieunternehmen-unsere-wirtschaft-gefahrden\/\"><span class=\"fusion-column-inner-bg-image\"><\/span><\/a><\/span><div class=\"fusion-column-wrapper fusion-flex-justify-content-flex-start fusion-content-layout-column\"><div class=\"fusion-text fusion-text-11\"><p><img decoding=\"async\" class=\"aligncenter wp-image-4988\" src=\"https:\/\/collenda.com\/wp-content\/uploads\/2020\/12\/zombie-angst-mittelstand-1-300x169.jpg\" alt=\"zombiesangst mittelstand\" width=\"356\" height=\"200\" srcset=\"https:\/\/collenda.com\/wp-content\/uploads\/2020\/12\/zombie-angst-mittelstand-1-200x113.jpg 200w, https:\/\/collenda.com\/wp-content\/uploads\/2020\/12\/zombie-angst-mittelstand-1-300x169.jpg 300w, https:\/\/collenda.com\/wp-content\/uploads\/2020\/12\/zombie-angst-mittelstand-1-400x225.jpg 400w, https:\/\/collenda.com\/wp-content\/uploads\/2020\/12\/zombie-angst-mittelstand-1-600x338.jpg 600w, https:\/\/collenda.com\/wp-content\/uploads\/2020\/12\/zombie-angst-mittelstand-1-768x432.jpg 768w, https:\/\/collenda.com\/wp-content\/uploads\/2020\/12\/zombie-angst-mittelstand-1-800x450.jpg 800w, https:\/\/collenda.com\/wp-content\/uploads\/2020\/12\/zombie-angst-mittelstand-1-1024x576.jpg 1024w, https:\/\/collenda.com\/wp-content\/uploads\/2020\/12\/zombie-angst-mittelstand-1-1200x675.jpg 1200w, https:\/\/collenda.com\/wp-content\/uploads\/2020\/12\/zombie-angst-mittelstand-1-1536x864.jpg 1536w, https:\/\/collenda.com\/wp-content\/uploads\/2020\/12\/zombie-angst-mittelstand-1.jpg 1920w\" sizes=\"(max-width: 356px) 100vw, 356px\" \/><\/p>\n<\/div><div class=\"fusion-text fusion-text-12\"><h3 class=\"h4\">Wie Zombieunternehmen die Wirtschaft gef\u00e4hrden<\/h3>\n<\/div><i class=\"fb-icon-element-2 fb-icon-element fontawesome-icon fa-long-arrow-alt-right fas circle-no\" style=\"--awb-iconcolor:#24ce7b;--awb-iconcolor-hover:#24ce7b;--awb-font-size:24px;--awb-margin-top:0;--awb-margin-right:0;--awb-margin-bottom:0;--awb-margin-left:12px;--awb-align-self:flex-end;\"><\/i><\/div><\/div><\/div><\/div><\/div><div class=\"fusion-layout-column fusion_builder_column fusion-builder-column-11 fusion_builder_column_1_6 1_6 fusion-flex-column\" style=\"--awb-bg-size:cover;--awb-width-large:16.6666666667%;--awb-margin-top-large:0px;--awb-spacing-right-large:11.52%;--awb-margin-bottom-large:20px;--awb-spacing-left-large:11.52%;--awb-width-medium:16.6666666667%;--awb-order-medium:0;--awb-spacing-right-medium:11.52%;--awb-spacing-left-medium:11.52%;--awb-width-small:100%;--awb-order-small:0;--awb-spacing-right-small:1.92%;--awb-spacing-left-small:1.92%;\"><div class=\"fusion-column-wrapper fusion-column-has-shadow fusion-flex-justify-content-flex-start fusion-content-layout-column\"><\/div><\/div><\/div><\/div><\/div><\/p>\n","protected":false},"excerpt":{"rendered":"","protected":false},"author":1201,"featured_media":8271,"comment_status":"closed","ping_status":"open","sticky":false,"template":"","format":"standard","meta":{"footnotes":""},"categories":[24],"tags":[44,43],"class_list":["post-8236","post","type-post","status-publish","format-standard","has-post-thumbnail","hentry","category-blog","tag-insolvenzen","tag-zombieunternehmen"],"yoast_head":"<!-- This site is optimized with the Yoast SEO plugin v27.5 - https:\/\/yoast.com\/product\/yoast-seo-wordpress\/ -->\n<title>Unternehmen am Tropf - so dramatisch w\u00e4re die Situation ohne staatliche Eingriffe (Video-Update 07\/2021) - Collenda<\/title>\n<meta name=\"description\" content=\"Kurzarbeit, KfW-Kredite, Aussetzen der Insolvenzantragspflicht - wie schlimm st\u00fcnde es ohne Hilfsma\u00dfnahmen um die deutsche Wirtschaft?\" \/>\n<meta name=\"robots\" content=\"noindex, follow, max-snippet:-1, max-image-preview:large, max-video-preview:-1\" \/>\n<meta property=\"og:locale\" content=\"de_DE\" \/>\n<meta property=\"og:type\" content=\"article\" \/>\n<meta property=\"og:title\" content=\"Unternehmen am Tropf - so dramatisch w\u00e4re die Situation ohne staatliche Eingriffe (Video-Update 07\/2021) - Collenda\" \/>\n<meta property=\"og:description\" content=\"Kurzarbeit, KfW-Kredite, Aussetzen der Insolvenzantragspflicht - wie schlimm st\u00fcnde es ohne Hilfsma\u00dfnahmen um die deutsche Wirtschaft?\" \/>\n<meta property=\"og:url\" content=\"https:\/\/collenda.com\/de\/unternehmen-am-tropf\/\" \/>\n<meta property=\"og:site_name\" content=\"Collenda\" \/>\n<meta property=\"article:published_time\" content=\"2021-07-25T11:21:22+00:00\" \/>\n<meta property=\"article:modified_time\" content=\"2021-09-02T10:30:50+00:00\" \/>\n<meta property=\"og:image\" content=\"https:\/\/collenda.com\/wp-content\/uploads\/2021\/05\/Christiane-von-Berg-kl.jpg\" \/>\n\t<meta property=\"og:image:width\" content=\"1000\" \/>\n\t<meta property=\"og:image:height\" content=\"600\" \/>\n\t<meta property=\"og:image:type\" content=\"image\/jpeg\" \/>\n<meta name=\"author\" content=\"Jens Kr\u00fcger\" \/>\n<meta name=\"twitter:card\" content=\"summary_large_image\" \/>\n<meta name=\"twitter:label1\" content=\"Verfasst von\" \/>\n\t<meta name=\"twitter:data1\" content=\"Jens Kr\u00fcger\" \/>\n\t<meta name=\"twitter:label2\" content=\"Gesch\u00e4tzte Lesezeit\" \/>\n\t<meta name=\"twitter:data2\" content=\"15\u00a0Minuten\" \/>\n<script type=\"application\/ld+json\" class=\"yoast-schema-graph\">{\"@context\":\"https:\\\/\\\/schema.org\",\"@graph\":[{\"@type\":\"Article\",\"@id\":\"https:\\\/\\\/collenda.com\\\/de\\\/unternehmen-am-tropf\\\/#article\",\"isPartOf\":{\"@id\":\"https:\\\/\\\/collenda.com\\\/de\\\/unternehmen-am-tropf\\\/\"},\"author\":{\"name\":\"Jens Kr\u00fcger\",\"@id\":\"https:\\\/\\\/collenda.com\\\/de\\\/#\\\/schema\\\/person\\\/600fbd17e05843c4f23c46eed981dbad\"},\"headline\":\"Unternehmen am Tropf &#8211; so dramatisch w\u00e4re die Situation ohne staatliche Eingriffe (Video-Update 07\\\/2021)\",\"datePublished\":\"2021-07-25T11:21:22+00:00\",\"dateModified\":\"2021-09-02T10:30:50+00:00\",\"mainEntityOfPage\":{\"@id\":\"https:\\\/\\\/collenda.com\\\/de\\\/unternehmen-am-tropf\\\/\"},\"wordCount\":7169,\"image\":{\"@id\":\"https:\\\/\\\/collenda.com\\\/de\\\/unternehmen-am-tropf\\\/#primaryimage\"},\"thumbnailUrl\":\"https:\\\/\\\/collenda.com\\\/wp-content\\\/uploads\\\/2021\\\/05\\\/Christiane-von-Berg-kl.jpg\",\"keywords\":[\"Insolvenzen\",\"Zombieunternehmen\"],\"articleSection\":[\"Blog\"],\"inLanguage\":\"de\"},{\"@type\":\"WebPage\",\"@id\":\"https:\\\/\\\/collenda.com\\\/de\\\/unternehmen-am-tropf\\\/\",\"url\":\"https:\\\/\\\/collenda.com\\\/de\\\/unternehmen-am-tropf\\\/\",\"name\":\"Unternehmen am Tropf - so dramatisch w\u00e4re die Situation ohne staatliche Eingriffe (Video-Update 07\\\/2021) - Collenda\",\"isPartOf\":{\"@id\":\"https:\\\/\\\/collenda.com\\\/de\\\/#website\"},\"primaryImageOfPage\":{\"@id\":\"https:\\\/\\\/collenda.com\\\/de\\\/unternehmen-am-tropf\\\/#primaryimage\"},\"image\":{\"@id\":\"https:\\\/\\\/collenda.com\\\/de\\\/unternehmen-am-tropf\\\/#primaryimage\"},\"thumbnailUrl\":\"https:\\\/\\\/collenda.com\\\/wp-content\\\/uploads\\\/2021\\\/05\\\/Christiane-von-Berg-kl.jpg\",\"datePublished\":\"2021-07-25T11:21:22+00:00\",\"dateModified\":\"2021-09-02T10:30:50+00:00\",\"author\":{\"@id\":\"https:\\\/\\\/collenda.com\\\/de\\\/#\\\/schema\\\/person\\\/600fbd17e05843c4f23c46eed981dbad\"},\"description\":\"Kurzarbeit, KfW-Kredite, Aussetzen der Insolvenzantragspflicht - wie schlimm st\u00fcnde es ohne Hilfsma\u00dfnahmen um die deutsche Wirtschaft?\",\"breadcrumb\":{\"@id\":\"https:\\\/\\\/collenda.com\\\/de\\\/unternehmen-am-tropf\\\/#breadcrumb\"},\"inLanguage\":\"de\",\"potentialAction\":[{\"@type\":\"ReadAction\",\"target\":[\"https:\\\/\\\/collenda.com\\\/de\\\/unternehmen-am-tropf\\\/\"]}]},{\"@type\":\"ImageObject\",\"inLanguage\":\"de\",\"@id\":\"https:\\\/\\\/collenda.com\\\/de\\\/unternehmen-am-tropf\\\/#primaryimage\",\"url\":\"https:\\\/\\\/collenda.com\\\/wp-content\\\/uploads\\\/2021\\\/05\\\/Christiane-von-Berg-kl.jpg\",\"contentUrl\":\"https:\\\/\\\/collenda.com\\\/wp-content\\\/uploads\\\/2021\\\/05\\\/Christiane-von-Berg-kl.jpg\",\"width\":1000,\"height\":600,\"caption\":\"Christiane von Berg kl\"},{\"@type\":\"BreadcrumbList\",\"@id\":\"https:\\\/\\\/collenda.com\\\/de\\\/unternehmen-am-tropf\\\/#breadcrumb\",\"itemListElement\":[{\"@type\":\"ListItem\",\"position\":1,\"name\":\"Home\",\"item\":\"https:\\\/\\\/collenda.com\\\/de\\\/\"},{\"@type\":\"ListItem\",\"position\":2,\"name\":\"Unternehmen am Tropf &#8211; so dramatisch w\u00e4re die Situation ohne staatliche Eingriffe (Video-Update 07\\\/2021)\"}]},{\"@type\":\"WebSite\",\"@id\":\"https:\\\/\\\/collenda.com\\\/de\\\/#website\",\"url\":\"https:\\\/\\\/collenda.com\\\/de\\\/\",\"name\":\"Collenda\",\"description\":\"\",\"potentialAction\":[{\"@type\":\"SearchAction\",\"target\":{\"@type\":\"EntryPoint\",\"urlTemplate\":\"https:\\\/\\\/collenda.com\\\/de\\\/?s={search_term_string}\"},\"query-input\":{\"@type\":\"PropertyValueSpecification\",\"valueRequired\":true,\"valueName\":\"search_term_string\"}}],\"inLanguage\":\"de\"},{\"@type\":\"Person\",\"@id\":\"https:\\\/\\\/collenda.com\\\/de\\\/#\\\/schema\\\/person\\\/600fbd17e05843c4f23c46eed981dbad\",\"name\":\"Jens Kr\u00fcger\",\"image\":{\"@type\":\"ImageObject\",\"inLanguage\":\"de\",\"@id\":\"https:\\\/\\\/secure.gravatar.com\\\/avatar\\\/467ce5eea69a00cc147a01735196b256aa923dd74175455d2d98f155c0cb7058?s=96&d=mm&r=g\",\"url\":\"https:\\\/\\\/secure.gravatar.com\\\/avatar\\\/467ce5eea69a00cc147a01735196b256aa923dd74175455d2d98f155c0cb7058?s=96&d=mm&r=g\",\"contentUrl\":\"https:\\\/\\\/secure.gravatar.com\\\/avatar\\\/467ce5eea69a00cc147a01735196b256aa923dd74175455d2d98f155c0cb7058?s=96&d=mm&r=g\",\"caption\":\"Jens Kr\u00fcger\"},\"description\":\"Als Content Marketing Specialist ist Jens Kr\u00fcger bei Collenda zust\u00e4ndig f\u00fcr redaktionelle Inhalte, Blogbeitr\u00e4ge und Videos. Er ist ausgebildeter Tageszeitungsredakteur und war viele Jahre f\u00fcr die regionale Wirtschaftsberichterstattung bei einem in Deutschland f\u00fchrenden Zeitungshaus verantwortlich. Bei Collenda betreut Jens Kr\u00fcger au\u00dferdem die Social Media-Kan\u00e4le. Erst ist zudem verantwortlich f\u00fcr die PR-Arbeit. In seiner Freizeit ist er als Singer-Songwriter aktiv.\",\"sameAs\":[\"https:\\\/\\\/www.linkedin.com\\\/in\\\/jens-krueger199\\\/\"],\"url\":\"https:\\\/\\\/collenda.com\\\/de\\\/author\\\/jens-krueger\\\/\"}]}<\/script>\n<!-- \/ Yoast SEO plugin. -->","yoast_head_json":{"title":"Unternehmen am Tropf - so dramatisch w\u00e4re die Situation ohne staatliche Eingriffe (Video-Update 07\/2021) - Collenda","description":"Kurzarbeit, KfW-Kredite, Aussetzen der Insolvenzantragspflicht - wie schlimm st\u00fcnde es ohne Hilfsma\u00dfnahmen um die deutsche Wirtschaft?","robots":{"index":"noindex","follow":"follow","max-snippet":"max-snippet:-1","max-image-preview":"max-image-preview:large","max-video-preview":"max-video-preview:-1"},"og_locale":"de_DE","og_type":"article","og_title":"Unternehmen am Tropf - so dramatisch w\u00e4re die Situation ohne staatliche Eingriffe (Video-Update 07\/2021) - Collenda","og_description":"Kurzarbeit, KfW-Kredite, Aussetzen der Insolvenzantragspflicht - wie schlimm st\u00fcnde es ohne Hilfsma\u00dfnahmen um die deutsche Wirtschaft?","og_url":"https:\/\/collenda.com\/de\/unternehmen-am-tropf\/","og_site_name":"Collenda","article_published_time":"2021-07-25T11:21:22+00:00","article_modified_time":"2021-09-02T10:30:50+00:00","og_image":[{"width":1000,"height":600,"url":"https:\/\/collenda.com\/wp-content\/uploads\/2021\/05\/Christiane-von-Berg-kl.jpg","type":"image\/jpeg"}],"author":"Jens Kr\u00fcger","twitter_card":"summary_large_image","twitter_misc":{"Verfasst von":"Jens Kr\u00fcger","Gesch\u00e4tzte Lesezeit":"15\u00a0Minuten"},"schema":{"@context":"https:\/\/schema.org","@graph":[{"@type":"Article","@id":"https:\/\/collenda.com\/de\/unternehmen-am-tropf\/#article","isPartOf":{"@id":"https:\/\/collenda.com\/de\/unternehmen-am-tropf\/"},"author":{"name":"Jens Kr\u00fcger","@id":"https:\/\/collenda.com\/de\/#\/schema\/person\/600fbd17e05843c4f23c46eed981dbad"},"headline":"Unternehmen am Tropf &#8211; so dramatisch w\u00e4re die Situation ohne staatliche Eingriffe (Video-Update 07\/2021)","datePublished":"2021-07-25T11:21:22+00:00","dateModified":"2021-09-02T10:30:50+00:00","mainEntityOfPage":{"@id":"https:\/\/collenda.com\/de\/unternehmen-am-tropf\/"},"wordCount":7169,"image":{"@id":"https:\/\/collenda.com\/de\/unternehmen-am-tropf\/#primaryimage"},"thumbnailUrl":"https:\/\/collenda.com\/wp-content\/uploads\/2021\/05\/Christiane-von-Berg-kl.jpg","keywords":["Insolvenzen","Zombieunternehmen"],"articleSection":["Blog"],"inLanguage":"de"},{"@type":"WebPage","@id":"https:\/\/collenda.com\/de\/unternehmen-am-tropf\/","url":"https:\/\/collenda.com\/de\/unternehmen-am-tropf\/","name":"Unternehmen am Tropf - so dramatisch w\u00e4re die Situation ohne staatliche Eingriffe (Video-Update 07\/2021) - Collenda","isPartOf":{"@id":"https:\/\/collenda.com\/de\/#website"},"primaryImageOfPage":{"@id":"https:\/\/collenda.com\/de\/unternehmen-am-tropf\/#primaryimage"},"image":{"@id":"https:\/\/collenda.com\/de\/unternehmen-am-tropf\/#primaryimage"},"thumbnailUrl":"https:\/\/collenda.com\/wp-content\/uploads\/2021\/05\/Christiane-von-Berg-kl.jpg","datePublished":"2021-07-25T11:21:22+00:00","dateModified":"2021-09-02T10:30:50+00:00","author":{"@id":"https:\/\/collenda.com\/de\/#\/schema\/person\/600fbd17e05843c4f23c46eed981dbad"},"description":"Kurzarbeit, KfW-Kredite, Aussetzen der Insolvenzantragspflicht - wie schlimm st\u00fcnde es ohne Hilfsma\u00dfnahmen um die deutsche Wirtschaft?","breadcrumb":{"@id":"https:\/\/collenda.com\/de\/unternehmen-am-tropf\/#breadcrumb"},"inLanguage":"de","potentialAction":[{"@type":"ReadAction","target":["https:\/\/collenda.com\/de\/unternehmen-am-tropf\/"]}]},{"@type":"ImageObject","inLanguage":"de","@id":"https:\/\/collenda.com\/de\/unternehmen-am-tropf\/#primaryimage","url":"https:\/\/collenda.com\/wp-content\/uploads\/2021\/05\/Christiane-von-Berg-kl.jpg","contentUrl":"https:\/\/collenda.com\/wp-content\/uploads\/2021\/05\/Christiane-von-Berg-kl.jpg","width":1000,"height":600,"caption":"Christiane von Berg kl"},{"@type":"BreadcrumbList","@id":"https:\/\/collenda.com\/de\/unternehmen-am-tropf\/#breadcrumb","itemListElement":[{"@type":"ListItem","position":1,"name":"Home","item":"https:\/\/collenda.com\/de\/"},{"@type":"ListItem","position":2,"name":"Unternehmen am Tropf &#8211; so dramatisch w\u00e4re die Situation ohne staatliche Eingriffe (Video-Update 07\/2021)"}]},{"@type":"WebSite","@id":"https:\/\/collenda.com\/de\/#website","url":"https:\/\/collenda.com\/de\/","name":"Collenda","description":"","potentialAction":[{"@type":"SearchAction","target":{"@type":"EntryPoint","urlTemplate":"https:\/\/collenda.com\/de\/?s={search_term_string}"},"query-input":{"@type":"PropertyValueSpecification","valueRequired":true,"valueName":"search_term_string"}}],"inLanguage":"de"},{"@type":"Person","@id":"https:\/\/collenda.com\/de\/#\/schema\/person\/600fbd17e05843c4f23c46eed981dbad","name":"Jens Kr\u00fcger","image":{"@type":"ImageObject","inLanguage":"de","@id":"https:\/\/secure.gravatar.com\/avatar\/467ce5eea69a00cc147a01735196b256aa923dd74175455d2d98f155c0cb7058?s=96&d=mm&r=g","url":"https:\/\/secure.gravatar.com\/avatar\/467ce5eea69a00cc147a01735196b256aa923dd74175455d2d98f155c0cb7058?s=96&d=mm&r=g","contentUrl":"https:\/\/secure.gravatar.com\/avatar\/467ce5eea69a00cc147a01735196b256aa923dd74175455d2d98f155c0cb7058?s=96&d=mm&r=g","caption":"Jens Kr\u00fcger"},"description":"Als Content Marketing Specialist ist Jens Kr\u00fcger bei Collenda zust\u00e4ndig f\u00fcr redaktionelle Inhalte, Blogbeitr\u00e4ge und Videos. Er ist ausgebildeter Tageszeitungsredakteur und war viele Jahre f\u00fcr die regionale Wirtschaftsberichterstattung bei einem in Deutschland f\u00fchrenden Zeitungshaus verantwortlich. Bei Collenda betreut Jens Kr\u00fcger au\u00dferdem die Social Media-Kan\u00e4le. Erst ist zudem verantwortlich f\u00fcr die PR-Arbeit. In seiner Freizeit ist er als Singer-Songwriter aktiv.","sameAs":["https:\/\/www.linkedin.com\/in\/jens-krueger199\/"],"url":"https:\/\/collenda.com\/de\/author\/jens-krueger\/"}]}},"_links":{"self":[{"href":"https:\/\/collenda.com\/de\/wp-json\/wp\/v2\/posts\/8236","targetHints":{"allow":["GET"]}}],"collection":[{"href":"https:\/\/collenda.com\/de\/wp-json\/wp\/v2\/posts"}],"about":[{"href":"https:\/\/collenda.com\/de\/wp-json\/wp\/v2\/types\/post"}],"author":[{"embeddable":true,"href":"https:\/\/collenda.com\/de\/wp-json\/wp\/v2\/users\/1201"}],"replies":[{"embeddable":true,"href":"https:\/\/collenda.com\/de\/wp-json\/wp\/v2\/comments?post=8236"}],"version-history":[{"count":5,"href":"https:\/\/collenda.com\/de\/wp-json\/wp\/v2\/posts\/8236\/revisions"}],"predecessor-version":[{"id":10936,"href":"https:\/\/collenda.com\/de\/wp-json\/wp\/v2\/posts\/8236\/revisions\/10936"}],"wp:featuredmedia":[{"embeddable":true,"href":"https:\/\/collenda.com\/de\/wp-json\/wp\/v2\/media\/8271"}],"wp:attachment":[{"href":"https:\/\/collenda.com\/de\/wp-json\/wp\/v2\/media?parent=8236"}],"wp:term":[{"taxonomy":"category","embeddable":true,"href":"https:\/\/collenda.com\/de\/wp-json\/wp\/v2\/categories?post=8236"},{"taxonomy":"post_tag","embeddable":true,"href":"https:\/\/collenda.com\/de\/wp-json\/wp\/v2\/tags?post=8236"}],"curies":[{"name":"wp","href":"https:\/\/api.w.org\/{rel}","templated":true}]}}