{"id":9493,"date":"2021-06-22T08:29:18","date_gmt":"2021-06-22T06:29:18","guid":{"rendered":"https:\/\/collenda.com\/?p=9493"},"modified":"2021-08-02T12:08:55","modified_gmt":"2021-08-02T10:08:55","slug":"kreditversicherer-transport-und-logistik-sparte-unter-druck","status":"publish","type":"post","link":"https:\/\/collenda.com\/de\/kreditversicherer-transport-und-logistik-sparte-unter-druck\/","title":{"rendered":"Kreditversicherer: Transport- und Logistik-Sparte unter Druck"},"content":{"rendered":"<p><div class=\"fusion-bg-parallax\" data-bg-align=\"center center\" data-direction=\"up\" data-mute=\"false\" data-opacity=\"100\" data-velocity=\"-0.1\" data-mobile-enabled=\"false\" data-break_parents=\"0\" data-bg-image=\"https:\/\/collenda.com\/wp-content\/uploads\/2021\/03\/transport-dunning-e1624259976713.jpg\" data-bg-repeat=\"false\" ><\/div><div class=\"fusion-fullwidth fullwidth-box fusion-builder-row-1 fusion-flex-container fusion-parallax-up nonhundred-percent-fullwidth non-hundred-percent-height-scrolling hero\" style=\"--awb-border-radius-top-left:0px;--awb-border-radius-top-right:0px;--awb-border-radius-bottom-right:0px;--awb-border-radius-bottom-left:0px;--awb-min-height:50vh;--awb-background-image:url(&quot;https:\/\/collenda.com\/wp-content\/uploads\/2021\/03\/transport-dunning-e1624259976713.jpg&quot;);--awb-background-size:cover;--awb-flex-wrap:wrap;\" ><div class=\"fusion-builder-row fusion-row fusion-flex-align-items-flex-start fusion-flex-content-wrap\" style=\"max-width:1397.76px;margin-left: calc(-4% \/ 2 );margin-right: calc(-4% \/ 2 );\"><div class=\"fusion-layout-column fusion_builder_column fusion-builder-column-0 fusion_builder_column_1_2 1_2 fusion-flex-column fusion-flex-align-self-center\" style=\"--awb-bg-size:cover;--awb-width-large:50%;--awb-margin-top-large:0px;--awb-spacing-right-large:3.84%;--awb-margin-bottom-large:20px;--awb-spacing-left-large:3.84%;--awb-width-medium:50%;--awb-order-medium:0;--awb-spacing-right-medium:3.84%;--awb-spacing-left-medium:3.84%;--awb-width-small:100%;--awb-order-small:0;--awb-spacing-right-small:1.92%;--awb-spacing-left-small:1.92%;\"><div class=\"fusion-column-wrapper fusion-column-has-shadow fusion-flex-justify-content-flex-start fusion-content-layout-column\"><div class=\"fusion-text fusion-text-1\"><h1>Kreditversicherer: Transport- und Logistik-Sparte unter Druck<\/h1>\n<\/div><\/div><\/div><\/div><\/div><div class=\"fusion-fullwidth fullwidth-box fusion-builder-row-2 fusion-flex-container nonhundred-percent-fullwidth non-hundred-percent-height-scrolling\" style=\"--awb-border-radius-top-left:0px;--awb-border-radius-top-right:0px;--awb-border-radius-bottom-right:0px;--awb-border-radius-bottom-left:0px;--awb-flex-wrap:wrap;\" ><div class=\"fusion-builder-row fusion-row fusion-flex-align-items-flex-start fusion-flex-content-wrap\" style=\"max-width:1397.76px;margin-left: calc(-4% \/ 2 );margin-right: calc(-4% \/ 2 );\"><div class=\"fusion-layout-column fusion_builder_column fusion-builder-column-1 fusion_builder_column_1_6 1_6 fusion-flex-column\" style=\"--awb-bg-size:cover;--awb-width-large:16.6666666667%;--awb-margin-top-large:0px;--awb-spacing-right-large:11.52%;--awb-margin-bottom-large:20px;--awb-spacing-left-large:11.52%;--awb-width-medium:16.6666666667%;--awb-order-medium:0;--awb-spacing-right-medium:11.52%;--awb-spacing-left-medium:11.52%;--awb-width-small:100%;--awb-order-small:0;--awb-spacing-right-small:1.92%;--awb-spacing-left-small:1.92%;\"><div class=\"fusion-column-wrapper fusion-column-has-shadow fusion-flex-justify-content-flex-start fusion-content-layout-column\"><\/div><\/div><div class=\"fusion-layout-column fusion_builder_column fusion-builder-column-2 fusion_builder_column_1_3 1_3 fusion-flex-column\" style=\"--awb-bg-size:cover;--awb-width-large:33.3333333333%;--awb-margin-top-large:0px;--awb-spacing-right-large:7.68%;--awb-margin-bottom-large:0px;--awb-spacing-left-large:5.76%;--awb-width-medium:33.3333333333%;--awb-spacing-right-medium:7.68%;--awb-spacing-left-medium:5.76%;--awb-width-small:100%;--awb-spacing-right-small:1.92%;--awb-spacing-left-small:1.92%;\"><div class=\"fusion-column-wrapper fusion-flex-justify-content-flex-start fusion-content-layout-column\"><br><div class=\"fusion-text fusion-text-2\"><p><strong>Der \u00f6sterreichische Kreditversicherungsmakler A.C.I.C. hat die Branchenprognosen verschiedener Kreditversicherer in einen eigenen Report gegossen. Das Ergebnis: Die Einsch\u00e4tzungen der verschiedenen Institute gehen teilweise deutlich auseinander. Einig sind sich die Kreditversicherer hingegen im Bereich Transport und Logistik: Dort ist die Situation angespannt.<\/strong><\/p>\n<\/div><div class=\"fusion-text fusion-text-3\"><p>Mit einer weltweit ungleichm\u00e4\u00dfigen wirtschaftlichen Erholung rechnet der \u00f6sterreichische Kreditversicherungsmakler A.C.I.C. Zu diesem Schluss kommt das Unternehmen nach der Auswertung von Branchen- und L\u00e4nderreports verschiedener Kreditversicherer. A.C.I.C. hat nun aus diesen Berichten ein eigenes Meta-Scoring erstellt.<\/p>\n<p>Sorgenfalten bereitet im Ergebnis unter anderem die Transport-und Logistikbranche (<a href=\"https:\/\/collenda.com\/de\/blog\/logistik-trends-kpis\/\">Experten-Interview zum Thema Logistik<\/a>). Die vorherrschende Unterbrechung der Versorgungsketten und damit einhergehend eine Ausbremsung des Warenverkehrs reduziere das Volumenwachstum des Welthandels mit G\u00fctern 2021 um ca. 1,7 Prozentpunkte.<\/p>\n<h2 class=\"h3\">Halbleiter knapp<\/h2>\n<p>Die Gr\u00fcnde f\u00fcr die negative Entwicklung sind vielf\u00e4ltig: Neben Containerknappheit und h\u00f6heren Transportkosten tr\u00fcben insbesondere die Verknappung einiger Komponenten wie Halbleiter und Rohstoffe die Stimmung. Die Halbleiterknappheit sei seit Anfang des Jahres vor allem im globalen Automobilsektor zu sp\u00fcren gewesen. Laut dem US-amerikanischen Beratungsunternehmen Alix Partners laufen aufgrund des aktuellen Halbleitermangels 2021 zirka 3,9 Millionen Fahrzeuge weniger vom Band. Das gehe mit Kosten in H\u00f6he von 110 Milliarden Dollar einher.<\/p>\n<p>Betroffen sind laut A.C.I.C. aber auch andere Branchen, wie die Elektronik und Kommunikationstechnik. Einen deutlichen Abdruck hinterlassen habe auch die vor\u00fcbergehende Sperrung des Suezkanals durch das Containerschiff Ever Given.<\/p>\n<p>Die Schwierigkeiten spiegeln sich auch in der Bewertung des Transport-Sektors in der DACH-Region wider. Die Kreditversicherer beurteilen die Situation sowohl in Deutschland, als auch in \u00d6sterreich und der Schweiz als schwierig.<\/p>\n<p>Stark unter Druck sei auch der Agrar- und Ern\u00e4hrungssektor durch den weltweiten Anstieg der Lebensmittelpreise seit Anfang des Jahres. Im vergangenen M\u00e4rz ver\u00f6ffentlichte die Ern\u00e4hrungs- und Landwirtschaftsorganisation der Vereinten Nationen (FAO) ihren Lebensmittelpreisindex f\u00fcr den Monat Februar. Der Index umfasst Preisschwankungen f\u00fcr Getreide, Pflanzen\u00f6le, Zucker, Milchprodukte sowie Fleisch und stieg in neun aufeinanderfolgenden Monaten, expandierte zwischen Mai und Februar um 27 % und erreichte den h\u00f6chsten Stand seit 2014.<\/p>\n<p>Das Dienstleistungsgesch\u00e4ft werde weiterhin durch die verz\u00f6gerte Wiederer\u00f6ffnung der am st\u00e4rksten von den Covid-19-Beschr\u00e4nkungen betroffenen Sektoren und die anhaltenden Hindernisse f\u00fcr den grenz\u00fcberschreitenden Reiseverkehr beeintr\u00e4chtigt, hei\u00dft es weiter.<\/p>\n<\/div><\/div><\/div><div class=\"fusion-layout-column fusion_builder_column fusion-builder-column-3 fusion_builder_column_1_3 1_3 fusion-flex-column\" style=\"--awb-bg-size:cover;--awb-width-large:33.3333333333%;--awb-margin-top-large:0px;--awb-spacing-right-large:7.68%;--awb-margin-bottom-large:0px;--awb-spacing-left-large:5.76%;--awb-width-medium:33.3333333333%;--awb-spacing-right-medium:7.68%;--awb-spacing-left-medium:5.76%;--awb-width-small:100%;--awb-spacing-right-small:1.92%;--awb-spacing-left-small:1.92%;\"><div class=\"fusion-column-wrapper fusion-flex-justify-content-flex-start fusion-content-layout-column\"><br><div class=\"fusion-image-element \" style=\"--awb-caption-title-font-family:var(--h2_typography-font-family);--awb-caption-title-font-weight:var(--h2_typography-font-weight);--awb-caption-title-font-style:var(--h2_typography-font-style);--awb-caption-title-size:var(--h2_typography-font-size);--awb-caption-title-transform:var(--h2_typography-text-transform);--awb-caption-title-line-height:var(--h2_typography-line-height);--awb-caption-title-letter-spacing:var(--h2_typography-letter-spacing);\"><span class=\" fusion-imageframe imageframe-none imageframe-1 hover-type-none\"><img decoding=\"async\" width=\"399\" height=\"1086\" alt=\"ACIC: Logistik angeschlagen\" title=\"ACIC: Logistik unter Druck\" src=\"https:\/\/collenda.com\/wp-content\/uploads\/2021\/06\/Grafik-ACIC.png\" class=\"img-responsive wp-image-9494\" srcset=\"https:\/\/collenda.com\/wp-content\/uploads\/2021\/06\/Grafik-ACIC-200x544.png 200w, https:\/\/collenda.com\/wp-content\/uploads\/2021\/06\/Grafik-ACIC.png 399w\" sizes=\"(max-width: 800px) 100vw, 399px\" \/><\/span><\/div><div class=\"fusion-text fusion-text-4\"><h2 class=\"h3\">Zur Studie<\/h2>\n<p>\u201eWir haben die Brancheninfos der verschiedenen Kreditversicherer auf eine Skalierung von 1-4 vereinheitlicht&#8220;, erkl\u00e4rt Christoph Zawadil, Head of Relationship Management bei A.C.I.C den Aufbau des Scorings. Es gelte jedoch zu ber\u00fccksichtigen, dass die Versicherer teilweise ein unterschiedliches Verst\u00e4ndnis der verschiedenen Branchen h\u00e4tten. So k\u00f6nne es zum Beispiel sein, dass ein Kreditversicherer Automotive dem Logistik-Sektor hinzurechne und ein anderer nicht. Zudem m\u00fcsse das Scoring auf einer Makroebene betrachtet werden. Innerhalb der verschiedenen Branchen gilt es also den Blick auf die verschiedenen Unterbereiche zu lenken. Es lasse sich hingegen gut ableiten, so Zawadil, wie sich der Risikoappetit der Kreditversicherer entwickeln k\u00f6nnte.<\/p>\n<\/div><\/div><\/div><div class=\"fusion-layout-column fusion_builder_column fusion-builder-column-4 fusion_builder_column_1_6 1_6 fusion-flex-column\" style=\"--awb-bg-size:cover;--awb-width-large:16.6666666667%;--awb-margin-top-large:0px;--awb-spacing-right-large:11.52%;--awb-margin-bottom-large:20px;--awb-spacing-left-large:3.84%;--awb-width-medium:16.6666666667%;--awb-order-medium:0;--awb-spacing-right-medium:11.52%;--awb-spacing-left-medium:3.84%;--awb-width-small:100%;--awb-order-small:0;--awb-spacing-right-small:1.92%;--awb-spacing-left-small:1.92%;\"><div class=\"fusion-column-wrapper fusion-column-has-shadow fusion-flex-justify-content-flex-start fusion-content-layout-column\"><\/div><\/div><\/div><\/div><div id=\"kunden\" class=\"fusion-container-anchor\"><div class=\"fusion-fullwidth fullwidth-box fusion-builder-row-3 fusion-flex-container nonhundred-percent-fullwidth non-hundred-percent-height-scrolling kunden\" style=\"--awb-border-radius-top-left:0px;--awb-border-radius-top-right:0px;--awb-border-radius-bottom-right:0px;--awb-border-radius-bottom-left:0px;--awb-padding-top:60px;--awb-padding-bottom:100px;--awb-background-color:#f1f5f6;--awb-flex-wrap:wrap;\" ><div class=\"fusion-builder-row fusion-row fusion-flex-align-items-flex-start fusion-flex-content-wrap\" style=\"max-width:1397.76px;margin-left: calc(-4% \/ 2 );margin-right: calc(-4% \/ 2 );\"><div class=\"fusion-layout-column fusion_builder_column fusion-builder-column-5 fusion_builder_column_1_6 1_6 fusion-flex-column\" style=\"--awb-bg-size:cover;--awb-width-large:16.6666666667%;--awb-margin-top-large:0px;--awb-spacing-right-large:11.52%;--awb-margin-bottom-large:20px;--awb-spacing-left-large:11.52%;--awb-width-medium:16.6666666667%;--awb-order-medium:0;--awb-spacing-right-medium:11.52%;--awb-spacing-left-medium:11.52%;--awb-width-small:100%;--awb-order-small:0;--awb-spacing-right-small:1.92%;--awb-spacing-left-small:1.92%;\"><div class=\"fusion-column-wrapper fusion-column-has-shadow fusion-flex-justify-content-flex-start fusion-content-layout-column\"><\/div><\/div><div class=\"fusion-layout-column fusion_builder_column fusion-builder-column-6 fusion_builder_column_2_3 2_3 fusion-flex-column box kunden\" style=\"--awb-bg-size:cover;--awb-width-large:66.6666666667%;--awb-margin-top-large:0px;--awb-spacing-right-large:2.88%;--awb-margin-bottom-large:0px;--awb-spacing-left-large:2.88%;--awb-width-medium:66.6666666667%;--awb-order-medium:0;--awb-spacing-right-medium:2.88%;--awb-spacing-left-medium:2.88%;--awb-width-small:100%;--awb-order-small:0;--awb-spacing-right-small:1.92%;--awb-spacing-left-small:1.92%;\"><div class=\"fusion-column-wrapper fusion-column-has-shadow fusion-flex-justify-content-flex-start fusion-content-layout-column\"><div class=\"fusion-text fusion-text-5\"><h3><strong>Das k\u00f6nnte Sie auch interessieren:<\/strong><\/h3>\n<\/div><div class=\"fusion-separator fusion-full-width-sep\" style=\"align-self: center;margin-left: auto;margin-right: auto;margin-bottom:80px;width:100%;\"><\/div><div class=\"fusion-builder-row fusion-builder-row-inner fusion-row fusion-flex-align-items-flex-start fusion-flex-content-wrap\" style=\"--awb-flex-grow:0;--awb-flex-grow-medium:0;--awb-flex-grow-small:0;--awb-flex-shrink:0;--awb-flex-shrink-medium:0;--awb-flex-shrink-small:0;width:104% !important;max-width:104% !important;margin-left: calc(-4% \/ 2 );margin-right: calc(-4% \/ 2 );\"><div class=\"fusion-layout-column fusion_builder_column_inner fusion-builder-nested-column-0 fusion_builder_column_inner_1_2 1_2 fusion-flex-column fusion-column-inner-bg-wrapper fusion-column-liftup-border\" style=\"--awb-padding-top:10px;--awb-padding-right:10px;--awb-padding-bottom:10px;--awb-padding-left:10px;--awb-overflow:hidden;--awb-inner-bg-color:#ffffff;--awb-inner-bg-color-hover:#ffffff;--awb-inner-bg-size:cover;--awb-inner-bg-box-shadow:4px 4px 12px 0px rgba(0,0,0,0.1);;--awb-border-radius:4px 4px 4px 4px;--awb-liftup-border-radius:4px 4px 4px 4px;--awb-width-large:50%;--awb-margin-top-large:0px;--awb-spacing-right-large:3.84%;--awb-margin-bottom-large:20px;--awb-spacing-left-large:3.84%;--awb-width-medium:50%;--awb-order-medium:0;--awb-spacing-right-medium:3.84%;--awb-spacing-left-medium:3.84%;--awb-width-small:100%;--awb-order-small:0;--awb-spacing-right-small:1.92%;--awb-spacing-left-small:1.92%;\"><span class=\"fusion-column-inner-bg hover-type-liftup\"><a class=\"fusion-column-anchor\" href=\"https:\/\/collenda.com\/de\/news\/zombie-firmen-gefahr\/\"><span class=\"fusion-column-inner-bg-image\"><\/span><\/a><\/span><div class=\"fusion-column-wrapper fusion-flex-justify-content-flex-start fusion-content-layout-column\"><div class=\"fusion-text fusion-text-6\"><p><img decoding=\"async\" class=\"aligncenter wp-image-5597\" src=\"https:\/\/collenda.com\/wp-content\/uploads\/2021\/01\/zombieunternehmen-300x195.jpg\" alt=\"zombieunternehmen\" width=\"307\" height=\"200\" srcset=\"https:\/\/collenda.com\/wp-content\/uploads\/2021\/01\/zombieunternehmen-200x130.jpg 200w, https:\/\/collenda.com\/wp-content\/uploads\/2021\/01\/zombieunternehmen-300x195.jpg 300w, https:\/\/collenda.com\/wp-content\/uploads\/2021\/01\/zombieunternehmen-400x260.jpg 400w, https:\/\/collenda.com\/wp-content\/uploads\/2021\/01\/zombieunternehmen-600x391.jpg 600w, https:\/\/collenda.com\/wp-content\/uploads\/2021\/01\/zombieunternehmen-768x500.jpg 768w, https:\/\/collenda.com\/wp-content\/uploads\/2021\/01\/zombieunternehmen-800x521.jpg 800w, https:\/\/collenda.com\/wp-content\/uploads\/2021\/01\/zombieunternehmen.jpg 1000w\" sizes=\"(max-width: 307px) 100vw, 307px\" \/><\/p>\n<\/div><div class=\"fusion-text fusion-text-7\"><h3 class=\"h4\">Die Zombies sind los: \u00dcber die Gefahr von untoten Firmen<\/h3>\n<\/div><i class=\"fb-icon-element-1 fb-icon-element fontawesome-icon fa-long-arrow-alt-right fas circle-no\" style=\"--awb-iconcolor:#24ce7b;--awb-iconcolor-hover:#24ce7b;--awb-font-size:24px;--awb-margin-top:0;--awb-margin-right:0;--awb-margin-bottom:0;--awb-margin-left:12px;--awb-align-self:flex-end;\"><\/i><\/div><\/div><div class=\"fusion-layout-column fusion_builder_column_inner fusion-builder-nested-column-1 fusion_builder_column_inner_1_2 1_2 fusion-flex-column fusion-column-inner-bg-wrapper fusion-column-liftup-border\" style=\"--awb-padding-top:10px;--awb-padding-right:10px;--awb-padding-bottom:10px;--awb-padding-left:10px;--awb-overflow:hidden;--awb-inner-bg-color:#ffffff;--awb-inner-bg-color-hover:#ffffff;--awb-inner-bg-size:cover;--awb-inner-bg-box-shadow:4px 4px 12px 0px rgba(0,0,0,0.1);;--awb-border-radius:4px 4px 4px 4px;--awb-liftup-border-radius:4px 4px 4px 4px;--awb-width-large:50%;--awb-margin-top-large:0px;--awb-spacing-right-large:3.84%;--awb-margin-bottom-large:20px;--awb-spacing-left-large:3.84%;--awb-width-medium:50%;--awb-order-medium:0;--awb-spacing-right-medium:3.84%;--awb-spacing-left-medium:3.84%;--awb-width-small:100%;--awb-order-small:0;--awb-spacing-right-small:1.92%;--awb-spacing-left-small:1.92%;\"><span class=\"fusion-column-inner-bg hover-type-liftup\"><a class=\"fusion-column-anchor\" href=\"https:\/\/collenda.com\/de\/news\/wie-zombieunternehmen-unsere-wirtschaft-gefahrden\/\"><span class=\"fusion-column-inner-bg-image\"><\/span><\/a><\/span><div class=\"fusion-column-wrapper fusion-flex-justify-content-flex-start fusion-content-layout-column\"><div class=\"fusion-text fusion-text-8\"><p><img decoding=\"async\" class=\"aligncenter wp-image-4988\" src=\"https:\/\/collenda.com\/wp-content\/uploads\/2020\/12\/zombie-angst-mittelstand-1-300x169.jpg\" alt=\"zombiesangst mittelstand\" width=\"356\" height=\"200\" srcset=\"https:\/\/collenda.com\/wp-content\/uploads\/2020\/12\/zombie-angst-mittelstand-1-200x113.jpg 200w, https:\/\/collenda.com\/wp-content\/uploads\/2020\/12\/zombie-angst-mittelstand-1-300x169.jpg 300w, https:\/\/collenda.com\/wp-content\/uploads\/2020\/12\/zombie-angst-mittelstand-1-400x225.jpg 400w, https:\/\/collenda.com\/wp-content\/uploads\/2020\/12\/zombie-angst-mittelstand-1-600x338.jpg 600w, https:\/\/collenda.com\/wp-content\/uploads\/2020\/12\/zombie-angst-mittelstand-1-768x432.jpg 768w, https:\/\/collenda.com\/wp-content\/uploads\/2020\/12\/zombie-angst-mittelstand-1-800x450.jpg 800w, https:\/\/collenda.com\/wp-content\/uploads\/2020\/12\/zombie-angst-mittelstand-1-1024x576.jpg 1024w, https:\/\/collenda.com\/wp-content\/uploads\/2020\/12\/zombie-angst-mittelstand-1-1200x675.jpg 1200w, https:\/\/collenda.com\/wp-content\/uploads\/2020\/12\/zombie-angst-mittelstand-1-1536x864.jpg 1536w, https:\/\/collenda.com\/wp-content\/uploads\/2020\/12\/zombie-angst-mittelstand-1.jpg 1920w\" sizes=\"(max-width: 356px) 100vw, 356px\" \/><\/p>\n<\/div><div class=\"fusion-text fusion-text-9\"><h3 class=\"h4\">Wie Zombieunternehmen die Wirtschaft gef\u00e4hrden<\/h3>\n<\/div><i class=\"fb-icon-element-2 fb-icon-element fontawesome-icon fa-long-arrow-alt-right fas circle-no\" style=\"--awb-iconcolor:#24ce7b;--awb-iconcolor-hover:#24ce7b;--awb-font-size:24px;--awb-margin-top:0;--awb-margin-right:0;--awb-margin-bottom:0;--awb-margin-left:12px;--awb-align-self:flex-end;\"><\/i><\/div><\/div><\/div><\/div><\/div><div class=\"fusion-layout-column fusion_builder_column fusion-builder-column-7 fusion_builder_column_1_6 1_6 fusion-flex-column\" style=\"--awb-bg-size:cover;--awb-width-large:16.6666666667%;--awb-margin-top-large:0px;--awb-spacing-right-large:11.52%;--awb-margin-bottom-large:20px;--awb-spacing-left-large:11.52%;--awb-width-medium:16.6666666667%;--awb-order-medium:0;--awb-spacing-right-medium:11.52%;--awb-spacing-left-medium:11.52%;--awb-width-small:100%;--awb-order-small:0;--awb-spacing-right-small:1.92%;--awb-spacing-left-small:1.92%;\"><div class=\"fusion-column-wrapper fusion-column-has-shadow fusion-flex-justify-content-flex-start fusion-content-layout-column\"><\/div><\/div><\/div><\/div><\/div><\/p>\n","protected":false},"excerpt":{"rendered":"","protected":false},"author":1201,"featured_media":7465,"comment_status":"closed","ping_status":"open","sticky":false,"template":"","format":"standard","meta":{"footnotes":""},"categories":[24],"tags":[50,43],"class_list":["post-9493","post","type-post","status-publish","format-standard","has-post-thumbnail","hentry","category-blog","tag-logistik","tag-zombieunternehmen"],"yoast_head":"<!-- This site is optimized with the Yoast SEO plugin v27.5 - https:\/\/yoast.com\/product\/yoast-seo-wordpress\/ -->\n<title>Kreditversicherer: Transport- und Logistik-Sparte unter Druck - Collenda<\/title>\n<meta name=\"description\" content=\"Gro\u00dfer Branchenvergleich des Kreditversicherungsmaklers A.C.I.C. *** Halbleiterknappheit bereitet gro\u00dfe Probleme.\" \/>\n<meta name=\"robots\" content=\"noindex, follow, max-snippet:-1, max-image-preview:large, max-video-preview:-1\" \/>\n<meta property=\"og:locale\" content=\"de_DE\" \/>\n<meta property=\"og:type\" content=\"article\" \/>\n<meta property=\"og:title\" content=\"Kreditversicherer: Transport- und Logistik-Sparte unter Druck - Collenda\" \/>\n<meta property=\"og:description\" content=\"Gro\u00dfer Branchenvergleich des Kreditversicherungsmaklers A.C.I.C. *** Halbleiterknappheit bereitet gro\u00dfe Probleme.\" \/>\n<meta property=\"og:url\" content=\"https:\/\/collenda.com\/de\/kreditversicherer-transport-und-logistik-sparte-unter-druck\/\" \/>\n<meta property=\"og:site_name\" content=\"Collenda\" \/>\n<meta property=\"article:published_time\" content=\"2021-06-22T06:29:18+00:00\" \/>\n<meta property=\"article:modified_time\" content=\"2021-08-02T10:08:55+00:00\" \/>\n<meta property=\"og:image\" content=\"https:\/\/collenda.com\/wp-content\/uploads\/2021\/04\/Logistik-Tunnel-Lkw-e1619074874366.jpg\" \/>\n\t<meta property=\"og:image:width\" content=\"1000\" \/>\n\t<meta property=\"og:image:height\" content=\"600\" \/>\n\t<meta property=\"og:image:type\" content=\"image\/jpeg\" \/>\n<meta name=\"author\" content=\"Jens Kr\u00fcger\" \/>\n<meta name=\"twitter:card\" content=\"summary_large_image\" \/>\n<meta name=\"twitter:label1\" content=\"Verfasst von\" \/>\n\t<meta name=\"twitter:data1\" content=\"Jens Kr\u00fcger\" \/>\n\t<meta name=\"twitter:label2\" content=\"Gesch\u00e4tzte Lesezeit\" \/>\n\t<meta name=\"twitter:data2\" content=\"8\u00a0Minuten\" \/>\n<script type=\"application\/ld+json\" class=\"yoast-schema-graph\">{\"@context\":\"https:\\\/\\\/schema.org\",\"@graph\":[{\"@type\":\"Article\",\"@id\":\"https:\\\/\\\/collenda.com\\\/de\\\/kreditversicherer-transport-und-logistik-sparte-unter-druck\\\/#article\",\"isPartOf\":{\"@id\":\"https:\\\/\\\/collenda.com\\\/de\\\/kreditversicherer-transport-und-logistik-sparte-unter-druck\\\/\"},\"author\":{\"name\":\"Jens Kr\u00fcger\",\"@id\":\"https:\\\/\\\/collenda.com\\\/de\\\/#\\\/schema\\\/person\\\/600fbd17e05843c4f23c46eed981dbad\"},\"headline\":\"Kreditversicherer: Transport- und Logistik-Sparte unter Druck\",\"datePublished\":\"2021-06-22T06:29:18+00:00\",\"dateModified\":\"2021-08-02T10:08:55+00:00\",\"mainEntityOfPage\":{\"@id\":\"https:\\\/\\\/collenda.com\\\/de\\\/kreditversicherer-transport-und-logistik-sparte-unter-druck\\\/\"},\"wordCount\":4154,\"image\":{\"@id\":\"https:\\\/\\\/collenda.com\\\/de\\\/kreditversicherer-transport-und-logistik-sparte-unter-druck\\\/#primaryimage\"},\"thumbnailUrl\":\"https:\\\/\\\/collenda.com\\\/wp-content\\\/uploads\\\/2021\\\/04\\\/Logistik-Tunnel-Lkw-e1619074874366.jpg\",\"keywords\":[\"Logistik\",\"Zombieunternehmen\"],\"articleSection\":[\"Blog\"],\"inLanguage\":\"de\"},{\"@type\":\"WebPage\",\"@id\":\"https:\\\/\\\/collenda.com\\\/de\\\/kreditversicherer-transport-und-logistik-sparte-unter-druck\\\/\",\"url\":\"https:\\\/\\\/collenda.com\\\/de\\\/kreditversicherer-transport-und-logistik-sparte-unter-druck\\\/\",\"name\":\"Kreditversicherer: Transport- und Logistik-Sparte unter Druck - Collenda\",\"isPartOf\":{\"@id\":\"https:\\\/\\\/collenda.com\\\/de\\\/#website\"},\"primaryImageOfPage\":{\"@id\":\"https:\\\/\\\/collenda.com\\\/de\\\/kreditversicherer-transport-und-logistik-sparte-unter-druck\\\/#primaryimage\"},\"image\":{\"@id\":\"https:\\\/\\\/collenda.com\\\/de\\\/kreditversicherer-transport-und-logistik-sparte-unter-druck\\\/#primaryimage\"},\"thumbnailUrl\":\"https:\\\/\\\/collenda.com\\\/wp-content\\\/uploads\\\/2021\\\/04\\\/Logistik-Tunnel-Lkw-e1619074874366.jpg\",\"datePublished\":\"2021-06-22T06:29:18+00:00\",\"dateModified\":\"2021-08-02T10:08:55+00:00\",\"author\":{\"@id\":\"https:\\\/\\\/collenda.com\\\/de\\\/#\\\/schema\\\/person\\\/600fbd17e05843c4f23c46eed981dbad\"},\"description\":\"Gro\u00dfer Branchenvergleich des Kreditversicherungsmaklers A.C.I.C. *** Halbleiterknappheit bereitet gro\u00dfe Probleme.\",\"breadcrumb\":{\"@id\":\"https:\\\/\\\/collenda.com\\\/de\\\/kreditversicherer-transport-und-logistik-sparte-unter-druck\\\/#breadcrumb\"},\"inLanguage\":\"de\",\"potentialAction\":[{\"@type\":\"ReadAction\",\"target\":[\"https:\\\/\\\/collenda.com\\\/de\\\/kreditversicherer-transport-und-logistik-sparte-unter-druck\\\/\"]}]},{\"@type\":\"ImageObject\",\"inLanguage\":\"de\",\"@id\":\"https:\\\/\\\/collenda.com\\\/de\\\/kreditversicherer-transport-und-logistik-sparte-unter-druck\\\/#primaryimage\",\"url\":\"https:\\\/\\\/collenda.com\\\/wp-content\\\/uploads\\\/2021\\\/04\\\/Logistik-Tunnel-Lkw-e1619074874366.jpg\",\"contentUrl\":\"https:\\\/\\\/collenda.com\\\/wp-content\\\/uploads\\\/2021\\\/04\\\/Logistik-Tunnel-Lkw-e1619074874366.jpg\",\"width\":1000,\"height\":600,\"caption\":\"Logistik-Tunnel-Lkw\"},{\"@type\":\"BreadcrumbList\",\"@id\":\"https:\\\/\\\/collenda.com\\\/de\\\/kreditversicherer-transport-und-logistik-sparte-unter-druck\\\/#breadcrumb\",\"itemListElement\":[{\"@type\":\"ListItem\",\"position\":1,\"name\":\"Home\",\"item\":\"https:\\\/\\\/collenda.com\\\/de\\\/\"},{\"@type\":\"ListItem\",\"position\":2,\"name\":\"Kreditversicherer: Transport- und Logistik-Sparte unter Druck\"}]},{\"@type\":\"WebSite\",\"@id\":\"https:\\\/\\\/collenda.com\\\/de\\\/#website\",\"url\":\"https:\\\/\\\/collenda.com\\\/de\\\/\",\"name\":\"Collenda\",\"description\":\"\",\"potentialAction\":[{\"@type\":\"SearchAction\",\"target\":{\"@type\":\"EntryPoint\",\"urlTemplate\":\"https:\\\/\\\/collenda.com\\\/de\\\/?s={search_term_string}\"},\"query-input\":{\"@type\":\"PropertyValueSpecification\",\"valueRequired\":true,\"valueName\":\"search_term_string\"}}],\"inLanguage\":\"de\"},{\"@type\":\"Person\",\"@id\":\"https:\\\/\\\/collenda.com\\\/de\\\/#\\\/schema\\\/person\\\/600fbd17e05843c4f23c46eed981dbad\",\"name\":\"Jens Kr\u00fcger\",\"image\":{\"@type\":\"ImageObject\",\"inLanguage\":\"de\",\"@id\":\"https:\\\/\\\/secure.gravatar.com\\\/avatar\\\/467ce5eea69a00cc147a01735196b256aa923dd74175455d2d98f155c0cb7058?s=96&d=mm&r=g\",\"url\":\"https:\\\/\\\/secure.gravatar.com\\\/avatar\\\/467ce5eea69a00cc147a01735196b256aa923dd74175455d2d98f155c0cb7058?s=96&d=mm&r=g\",\"contentUrl\":\"https:\\\/\\\/secure.gravatar.com\\\/avatar\\\/467ce5eea69a00cc147a01735196b256aa923dd74175455d2d98f155c0cb7058?s=96&d=mm&r=g\",\"caption\":\"Jens Kr\u00fcger\"},\"description\":\"Als Content Marketing Specialist ist Jens Kr\u00fcger bei Collenda zust\u00e4ndig f\u00fcr redaktionelle Inhalte, Blogbeitr\u00e4ge und Videos. Er ist ausgebildeter Tageszeitungsredakteur und war viele Jahre f\u00fcr die regionale Wirtschaftsberichterstattung bei einem in Deutschland f\u00fchrenden Zeitungshaus verantwortlich. Bei Collenda betreut Jens Kr\u00fcger au\u00dferdem die Social Media-Kan\u00e4le. Erst ist zudem verantwortlich f\u00fcr die PR-Arbeit. In seiner Freizeit ist er als Singer-Songwriter aktiv.\",\"sameAs\":[\"https:\\\/\\\/www.linkedin.com\\\/in\\\/jens-krueger199\\\/\"],\"url\":\"https:\\\/\\\/collenda.com\\\/de\\\/author\\\/jens-krueger\\\/\"}]}<\/script>\n<!-- \/ Yoast SEO plugin. -->","yoast_head_json":{"title":"Kreditversicherer: Transport- und Logistik-Sparte unter Druck - Collenda","description":"Gro\u00dfer Branchenvergleich des Kreditversicherungsmaklers A.C.I.C. *** Halbleiterknappheit bereitet gro\u00dfe Probleme.","robots":{"index":"noindex","follow":"follow","max-snippet":"max-snippet:-1","max-image-preview":"max-image-preview:large","max-video-preview":"max-video-preview:-1"},"og_locale":"de_DE","og_type":"article","og_title":"Kreditversicherer: Transport- und Logistik-Sparte unter Druck - Collenda","og_description":"Gro\u00dfer Branchenvergleich des Kreditversicherungsmaklers A.C.I.C. *** Halbleiterknappheit bereitet gro\u00dfe Probleme.","og_url":"https:\/\/collenda.com\/de\/kreditversicherer-transport-und-logistik-sparte-unter-druck\/","og_site_name":"Collenda","article_published_time":"2021-06-22T06:29:18+00:00","article_modified_time":"2021-08-02T10:08:55+00:00","og_image":[{"width":1000,"height":600,"url":"https:\/\/collenda.com\/wp-content\/uploads\/2021\/04\/Logistik-Tunnel-Lkw-e1619074874366.jpg","type":"image\/jpeg"}],"author":"Jens Kr\u00fcger","twitter_card":"summary_large_image","twitter_misc":{"Verfasst von":"Jens Kr\u00fcger","Gesch\u00e4tzte Lesezeit":"8\u00a0Minuten"},"schema":{"@context":"https:\/\/schema.org","@graph":[{"@type":"Article","@id":"https:\/\/collenda.com\/de\/kreditversicherer-transport-und-logistik-sparte-unter-druck\/#article","isPartOf":{"@id":"https:\/\/collenda.com\/de\/kreditversicherer-transport-und-logistik-sparte-unter-druck\/"},"author":{"name":"Jens Kr\u00fcger","@id":"https:\/\/collenda.com\/de\/#\/schema\/person\/600fbd17e05843c4f23c46eed981dbad"},"headline":"Kreditversicherer: Transport- und Logistik-Sparte unter Druck","datePublished":"2021-06-22T06:29:18+00:00","dateModified":"2021-08-02T10:08:55+00:00","mainEntityOfPage":{"@id":"https:\/\/collenda.com\/de\/kreditversicherer-transport-und-logistik-sparte-unter-druck\/"},"wordCount":4154,"image":{"@id":"https:\/\/collenda.com\/de\/kreditversicherer-transport-und-logistik-sparte-unter-druck\/#primaryimage"},"thumbnailUrl":"https:\/\/collenda.com\/wp-content\/uploads\/2021\/04\/Logistik-Tunnel-Lkw-e1619074874366.jpg","keywords":["Logistik","Zombieunternehmen"],"articleSection":["Blog"],"inLanguage":"de"},{"@type":"WebPage","@id":"https:\/\/collenda.com\/de\/kreditversicherer-transport-und-logistik-sparte-unter-druck\/","url":"https:\/\/collenda.com\/de\/kreditversicherer-transport-und-logistik-sparte-unter-druck\/","name":"Kreditversicherer: Transport- und Logistik-Sparte unter Druck - Collenda","isPartOf":{"@id":"https:\/\/collenda.com\/de\/#website"},"primaryImageOfPage":{"@id":"https:\/\/collenda.com\/de\/kreditversicherer-transport-und-logistik-sparte-unter-druck\/#primaryimage"},"image":{"@id":"https:\/\/collenda.com\/de\/kreditversicherer-transport-und-logistik-sparte-unter-druck\/#primaryimage"},"thumbnailUrl":"https:\/\/collenda.com\/wp-content\/uploads\/2021\/04\/Logistik-Tunnel-Lkw-e1619074874366.jpg","datePublished":"2021-06-22T06:29:18+00:00","dateModified":"2021-08-02T10:08:55+00:00","author":{"@id":"https:\/\/collenda.com\/de\/#\/schema\/person\/600fbd17e05843c4f23c46eed981dbad"},"description":"Gro\u00dfer Branchenvergleich des Kreditversicherungsmaklers A.C.I.C. *** Halbleiterknappheit bereitet gro\u00dfe Probleme.","breadcrumb":{"@id":"https:\/\/collenda.com\/de\/kreditversicherer-transport-und-logistik-sparte-unter-druck\/#breadcrumb"},"inLanguage":"de","potentialAction":[{"@type":"ReadAction","target":["https:\/\/collenda.com\/de\/kreditversicherer-transport-und-logistik-sparte-unter-druck\/"]}]},{"@type":"ImageObject","inLanguage":"de","@id":"https:\/\/collenda.com\/de\/kreditversicherer-transport-und-logistik-sparte-unter-druck\/#primaryimage","url":"https:\/\/collenda.com\/wp-content\/uploads\/2021\/04\/Logistik-Tunnel-Lkw-e1619074874366.jpg","contentUrl":"https:\/\/collenda.com\/wp-content\/uploads\/2021\/04\/Logistik-Tunnel-Lkw-e1619074874366.jpg","width":1000,"height":600,"caption":"Logistik-Tunnel-Lkw"},{"@type":"BreadcrumbList","@id":"https:\/\/collenda.com\/de\/kreditversicherer-transport-und-logistik-sparte-unter-druck\/#breadcrumb","itemListElement":[{"@type":"ListItem","position":1,"name":"Home","item":"https:\/\/collenda.com\/de\/"},{"@type":"ListItem","position":2,"name":"Kreditversicherer: Transport- und Logistik-Sparte unter Druck"}]},{"@type":"WebSite","@id":"https:\/\/collenda.com\/de\/#website","url":"https:\/\/collenda.com\/de\/","name":"Collenda","description":"","potentialAction":[{"@type":"SearchAction","target":{"@type":"EntryPoint","urlTemplate":"https:\/\/collenda.com\/de\/?s={search_term_string}"},"query-input":{"@type":"PropertyValueSpecification","valueRequired":true,"valueName":"search_term_string"}}],"inLanguage":"de"},{"@type":"Person","@id":"https:\/\/collenda.com\/de\/#\/schema\/person\/600fbd17e05843c4f23c46eed981dbad","name":"Jens Kr\u00fcger","image":{"@type":"ImageObject","inLanguage":"de","@id":"https:\/\/secure.gravatar.com\/avatar\/467ce5eea69a00cc147a01735196b256aa923dd74175455d2d98f155c0cb7058?s=96&d=mm&r=g","url":"https:\/\/secure.gravatar.com\/avatar\/467ce5eea69a00cc147a01735196b256aa923dd74175455d2d98f155c0cb7058?s=96&d=mm&r=g","contentUrl":"https:\/\/secure.gravatar.com\/avatar\/467ce5eea69a00cc147a01735196b256aa923dd74175455d2d98f155c0cb7058?s=96&d=mm&r=g","caption":"Jens Kr\u00fcger"},"description":"Als Content Marketing Specialist ist Jens Kr\u00fcger bei Collenda zust\u00e4ndig f\u00fcr redaktionelle Inhalte, Blogbeitr\u00e4ge und Videos. Er ist ausgebildeter Tageszeitungsredakteur und war viele Jahre f\u00fcr die regionale Wirtschaftsberichterstattung bei einem in Deutschland f\u00fchrenden Zeitungshaus verantwortlich. Bei Collenda betreut Jens Kr\u00fcger au\u00dferdem die Social Media-Kan\u00e4le. Erst ist zudem verantwortlich f\u00fcr die PR-Arbeit. In seiner Freizeit ist er als Singer-Songwriter aktiv.","sameAs":["https:\/\/www.linkedin.com\/in\/jens-krueger199\/"],"url":"https:\/\/collenda.com\/de\/author\/jens-krueger\/"}]}},"_links":{"self":[{"href":"https:\/\/collenda.com\/de\/wp-json\/wp\/v2\/posts\/9493","targetHints":{"allow":["GET"]}}],"collection":[{"href":"https:\/\/collenda.com\/de\/wp-json\/wp\/v2\/posts"}],"about":[{"href":"https:\/\/collenda.com\/de\/wp-json\/wp\/v2\/types\/post"}],"author":[{"embeddable":true,"href":"https:\/\/collenda.com\/de\/wp-json\/wp\/v2\/users\/1201"}],"replies":[{"embeddable":true,"href":"https:\/\/collenda.com\/de\/wp-json\/wp\/v2\/comments?post=9493"}],"version-history":[{"count":5,"href":"https:\/\/collenda.com\/de\/wp-json\/wp\/v2\/posts\/9493\/revisions"}],"predecessor-version":[{"id":10451,"href":"https:\/\/collenda.com\/de\/wp-json\/wp\/v2\/posts\/9493\/revisions\/10451"}],"wp:featuredmedia":[{"embeddable":true,"href":"https:\/\/collenda.com\/de\/wp-json\/wp\/v2\/media\/7465"}],"wp:attachment":[{"href":"https:\/\/collenda.com\/de\/wp-json\/wp\/v2\/media?parent=9493"}],"wp:term":[{"taxonomy":"category","embeddable":true,"href":"https:\/\/collenda.com\/de\/wp-json\/wp\/v2\/categories?post=9493"},{"taxonomy":"post_tag","embeddable":true,"href":"https:\/\/collenda.com\/de\/wp-json\/wp\/v2\/tags?post=9493"}],"curies":[{"name":"wp","href":"https:\/\/api.w.org\/{rel}","templated":true}]}}